{"id":107307,"date":"2022-12-23T15:40:20","date_gmt":"2022-12-23T14:40:20","guid":{"rendered":"https:\/\/www.n-news.de\/\/?p=107307"},"modified":"2024-01-22T08:43:48","modified_gmt":"2024-01-22T07:43:48","slug":"jazzopen-2022-till-broenner-im-alten-schloss-mehr","status":"publish","type":"post","link":"https:\/\/www.n-news.de\/?p=107307","title":{"rendered":"JAZZOPEN 2022 &#8211; Till Br\u00f6nner im Alten Schloss &#038; mehr"},"content":{"rendered":"<p>#jazzopen2022 #jazzopenstuttgart<\/p>\n<h3>JAZZOPEN 2022 &#8211; Till Br\u00f6nner im Alten Schloss &#038; mehr<\/h3>\n<p><strong>Stuttgart &#8211; Das Programm f\u00fcr die jazzopen 2022, die vom 7. bis zum 17. Juli stattinden, ist komplett. Neben den gro\u00dfen Acts auf dem Stuttgarter Schlossplatz (12. bis 17. Juli) und im Arkadenhof des Alten Schlosses (7. bis 11. Juli) stehen nun auch die K\u00fcnstlerinnen und K\u00fcnstler f\u00fcr die Auftritte im SpardaWelt Eventcenter (7. bis 9. Juli) und im BIX Jazzclub (8. bis 16. Juli) fest.<\/strong> <\/p>\n<p>In den n\u00e4chsten Wochen informieren wir \u00fcber das komplette Programm mit Detailinfos zu den K\u00fcnstlern, Veranstaltungstag f\u00fcr Veranstaltungstag. <\/p>\n<p>SAMSTAG<br \/>\n09 | 07 | 2022<\/p>\n<p><strong>TILL BR\u00d6NNER<br \/>\nSARAH MCKENZIE<\/strong><br \/>\nSAMSTAG 09.07.2022<br \/>\nEINLASS: CA. 18.30 UHR<br \/>\nBEGINN: CA. 19.00 UHR<br \/>\nALTES SCHLOSS<\/p>\n<p><div id=\"attachment_107309\" style=\"width: 442px\" class=\"wp-caption alignleft\"><img aria-describedby=\"caption-attachment-107309\" loading=\"lazy\" src=\"https:\/\/www.n-news.de\/wp-content\/uploads\/2022\/04\/Till_Broenner_On-Vacation_Credit_Gregor_Hohenberg.jpg\" alt=\"\" width=\"432\" height=\"600\" class=\"size-full wp-image-107309\" srcset=\"https:\/\/www.n-news.de\/wp-content\/uploads\/2022\/04\/Till_Broenner_On-Vacation_Credit_Gregor_Hohenberg.jpg 432w, https:\/\/www.n-news.de\/wp-content\/uploads\/2022\/04\/Till_Broenner_On-Vacation_Credit_Gregor_Hohenberg-216x300.jpg 216w\" sizes=\"(max-width: 432px) 100vw, 432px\" \/><p id=\"caption-attachment-107309\" class=\"wp-caption-text\">Till Br\u00f6nner. Foto &copy; Gregor Hohenberg<\/p><\/div><br \/>\n<strong>TILL BR\u00d6NNER<\/strong><br \/>\nTill Br\u00f6nner gilt als der erfolgreichste deutsche Jazztrompeter. Obwohl er als \u00e4u\u00dferst virtuos auf seinem Instrument gilt, eilt ihm der Ruf eines \u201edeutschen Chet Baker\u201c nach. Br\u00f6nner studierte Jazztrompete an der Hochschule f\u00fcr Musik K\u00f6ln. Sein erstes eigenes Album Generations of Jazz erschien 1993 und  erhielt auf Anhieb den Preis der Deutschen Schallplattenkritik. Infolge spielte er mit internationalen Jazzgr\u00f6\u00dfen wie Dave Brubeck, Tony Bennett, Mark Murphy, James Moody, Monty Alexander, Nils  Landgren sowie Klaus Doldinger und Joe Sample.<\/p>\n<p>Till Br\u00f6nner gilt nicht nur als Jazz-Musiker, sondern auch als k\u00fcnstlerisches Multitalent: Als Trompeter, S\u00e4nger, Komponist, Produzent und Fotograf sowie mit seiner einzigartigen Ausstrahlung und seinem unverkennbar coolen Sound fasziniert er sein Publikum auf der ganzen Welt. Er kann bis dato zwei Grammy-Nominierungen sein Eigen nennen und ist bislang der einzige K\u00fcnstler, der in allen drei ECHO-Kategorien (Jazz, Pop, Klassik) gewinnen konnte. Er spielt regelm\u00e4\u00dfig auf den wichtigsten B\u00fchnen der Welt, etwa in der Carnegie Hall in New York und im Blue Note Jazz Club in Tokio sowie bei f\u00fchrenden Jazzfestivals.<\/p>\n<p>Als einziger deutscher Musiker trat Br\u00f6nner 2016 anl\u00e4sslich des International Jazz Days bei einem All-Star-Konzert im Wei\u00dfen Haus vor US-Pr\u00e4sident Barack Obama auf. Sein letztes Solo-Album The Good Life landete aus dem Stand auf Platz 6 der deutschen Albumcharts.<\/p>\n<p>Nach einer Vielzahl von Duo-Konzerten und erfolgreichen Specials und Kollaborationen, die ihn rund um den Globus reisen lie\u00dfen, pr\u00e4sentiert er bei den jazzopen zusammen mit seiner Band neben Klassikern auch exklusives Material aus seinem neuen Album On Vacation.  <\/p>\n<p><a href=\"https:\/\/tillbroenner.de\/\" rel=\"noopener noreferrer\" target=\"_blank\">https:\/\/tillbroenner.de\/<\/a><\/p>\n<p><strong>SPYRO GYRA<\/strong><br \/>\nSAMSTAG 09.07.2022<br \/>\nEINLASS: 19.00 UHR<br \/>\nBEGINN: CA. 20.00 UHR<br \/>\nSPARDAWELT EVENTCENTER<\/p>\n<p><strong>SPYRO GYRA<\/strong><br \/>\nAuf die Idee, seine Band nach einer Gattung der Gr\u00fcnalgen zu nennen, muss man erst mal kommen. Oder man hat einfach im Biologieunterricht auf dem College gut aufgepasst, so wie der New Yorker Jay Beckenstein, der 1974 seine Band nach der Artenbezeichnung genannt und im Namen einen Zwischenraum eingebaut hat. \u00dcber 30 Alben hat die Jazz Fusion Band herausgebracht, die \u00fcber zehn Millionen Mal verkauft wurden, zuletzt Vinyl Tap. Spyro Gyra zeichnet die Kombination von Jazz, Smooth Jazz, Rhythm and Blues, Funk und Pop aus, ein Thema mit unendlichen Variationen, das dem Quintett schon mehrfach Grammy-Nominierungen eingebracht hat. Die Philosophie von Spyro Gyra: \u201eKunst manifestiert sich in einer Vielzahl von Stilrichtungen und Kontexten. Deshalb haben wir \u00fcberhaupt erst begonnen, Musik zu machen.&#8220; Artenvielfalt eben.<\/p>\n<p><a href=\"https:\/\/spyrogyra.com\/\" rel=\"noopener noreferrer\" target=\"_blank\">https:\/\/spyrogyra.com\/<\/a><\/p>\n<p><strong>GRETCHEN PARLATO<\/strong><br \/>\nSAMSTAG 09.07.2022<br \/>\nEINLASS: CA. 19.00 UHR<br \/>\nBEGINN: AB CA. 21.30 UHR<br \/>\nBIX JAZZCLUB<\/p>\n<p><strong>GRETCHEN PARLATO<\/strong><br \/>\nIn den zehn Jahren seit ihrer Ankunft in New York etabliert sich Gretchen Parlato als eine der erfinderischsten und faszinierendsten S\u00e4ngerinnen der heutigen Zeit. In Form einer kunstvollen Zusammenf\u00fchrung von musikalischer Textur und einem genre\u00fcbergreifendem Gesangsrepertoire nutzt sie die Macht des subtilen Klangs und r\u00fcckt diesen in das Zentrum des Jazz.<\/p>\n<p>Obwohl Parlato quasi auf den gro\u00dfen B\u00fchnen wie der Carnegie Hall, der Hollywood Bowl, dem London Jazz Festival oder dem North Sea und dem Montreal Jazz Fesitval zuhause ist, hat sie sich f\u00fcr die Aufnahme ihres Albums auf die Intimit\u00e4t der Rockwood Music Hall eingelassen. Gemeinsam mit den zwei Tour-Bands, mit denen sie \u00fcber all die Jahre zusammenarbeitet, ist es ihr m\u00f6glich im Dezember 2012 Live in NYC aufzunehmen. Die Wiederaufnahme von einigen Songs ihrer vergangenen Alben zeigt auch die k\u00fcnstlerische Reise Parlatos \u00fcber die gesamte Zeit als Musikerin.<\/p>\n<p><a href=\"https:\/\/gretchenparlato.com\/\" rel=\"noopener noreferrer\" target=\"_blank\">https:\/\/gretchenparlato.com\/<\/a><\/p>\n<p>Alle aktuellen Informationen zum Festival, zu den Tickets und Gutscheinen finden Sie auf <a href=\"http:\/\/www.jazzopen.com\">www.jazzopen.com<\/a>. <\/p>\n<p><img src=\"https:\/\/www.n-news.de\/wp-content\/uploads\/2018\/07\/DSC06395-Kopie.jpg\" alt=\"jazzopen im Alten Schloss Stuttgart\" \/><br \/>\njazzopen im Alten Schloss Stuttgart<\/p>\n<div class=\"twoclick_social_bookmarks_post_107307 social_share_privacy clearfix 1.6.4 locale-de_DE sprite-de_DE\"><\/div><div class=\"twoclick-js\"><script type=\"text\/javascript\">\/* <![CDATA[ *\/\njQuery(document).ready(function($){if($('.twoclick_social_bookmarks_post_107307')){$('.twoclick_social_bookmarks_post_107307').socialSharePrivacy({\"services\":{\"facebook\":{\"status\":\"on\",\"txt_info\":\"\",\"perma_option\":\"off\",\"action\":\"like\",\"language\":\"de_DE\"},\"twitter\":{\"reply_to\":\"nnews_de\",\"tweet_text\":\"%20JAZZOPEN%202022%20%E2%80%93%20Till%20Br%C3%B6nner%20im%20Alten%20Schloss%20%26%20mehr%20%C2%BB%20...\",\"status\":\"on\",\"txt_info\":\"\",\"perma_option\":\"off\",\"language\":\"de\",\"referrer_track\":\"\"},\"gplus\":{\"status\":\"on\",\"txt_info\":\"\",\"perma_option\":\"off\",\"referrer_track\":\"\"},\"pinterest\":{\"status\":\"on\",\"the_excerpt\":\"JAZZOPEN 2022 &#8211; Till Br\\u00f6nner im Alten Schloss &#038; mehr &raquo; #jazzopen2022 #jazzopenstuttgart\\r\\n\\r\\nJAZZOPEN 2022 - Till Br\\u00f6nner i ...\",\"txt_info\":\"\",\"perma_option\":\"off\",\"media\":\"https:\\\/\\\/www.n-news.de\\\/wp-content\\\/uploads\\\/2022\\\/04\\\/Till_Broenner_On-Vacation_Credit_Gregor_Hohenberg.jpg\"},\"linkedin\":{\"status\":\"on\",\"txt_info\":\"2 Klicks f\\u00fcr mehr Datenschutz: Erst wenn Sie hier klicken, wird der Button aktiv und Sie k\\u00f6nnen Ihre Empfehlung an LinkedIn senden. Schon beim Aktivieren werden Daten an Dritte \\u00fcbertragen - siehe <em>i<\\\/em>.\",\"perma_option\":\"off\"}},\"txt_help\":\"\",\"settings_perma\":\"\",\"info_link\":\"\",\"uri\":\"https:\\\/\\\/www.n-news.de\\\/?p=107307\",\"post_id\":107307,\"post_title_referrer_track\":\"JAZZOPEN+2022+%26%238211%3B+Till+Br%C3%B6nner+im+Alten+Schloss+%26%23038%3B+mehr\",\"display_infobox\":\"on\"});}});\n\/* ]]> *\/<\/script><\/div>","protected":false},"excerpt":{"rendered":"<p>#jazzopen2022 #jazzopenstuttgart JAZZOPEN 2022 &#8211; Till Br\u00f6nner im Alten Schloss &#038; mehr Stuttgart &#8211; Das Programm f\u00fcr die jazzopen 2022, die vom 7. bis zum 17. Juli stattinden, ist komplett. Neben den gro\u00dfen Acts auf dem Stuttgarter Schlossplatz (12. bis 17. Juli) und im Arkadenhof des Alten Schlosses (7. bis 11. Juli) stehen nun auch [&hellip;]<\/p>\n","protected":false},"author":2,"featured_media":107309,"comment_status":"closed","ping_status":"closed","sticky":false,"template":"","format":"standard","meta":[],"categories":[1,65],"tags":[75,76,350],"_links":{"self":[{"href":"https:\/\/www.n-news.de\/index.php?rest_route=\/wp\/v2\/posts\/107307"}],"collection":[{"href":"https:\/\/www.n-news.de\/index.php?rest_route=\/wp\/v2\/posts"}],"about":[{"href":"https:\/\/www.n-news.de\/index.php?rest_route=\/wp\/v2\/types\/post"}],"author":[{"embeddable":true,"href":"https:\/\/www.n-news.de\/index.php?rest_route=\/wp\/v2\/users\/2"}],"replies":[{"embeddable":true,"href":"https:\/\/www.n-news.de\/index.php?rest_route=%2Fwp%2Fv2%2Fcomments&post=107307"}],"version-history":[{"count":0,"href":"https:\/\/www.n-news.de\/index.php?rest_route=\/wp\/v2\/posts\/107307\/revisions"}],"wp:featuredmedia":[{"embeddable":true,"href":"https:\/\/www.n-news.de\/index.php?rest_route=\/wp\/v2\/media\/107309"}],"wp:attachment":[{"href":"https:\/\/www.n-news.de\/index.php?rest_route=%2Fwp%2Fv2%2Fmedia&parent=107307"}],"wp:term":[{"taxonomy":"category","embeddable":true,"href":"https:\/\/www.n-news.de\/index.php?rest_route=%2Fwp%2Fv2%2Fcategories&post=107307"},{"taxonomy":"post_tag","embeddable":true,"href":"https:\/\/www.n-news.de\/index.php?rest_route=%2Fwp%2Fv2%2Ftags&post=107307"}],"curies":[{"name":"wp","href":"https:\/\/api.w.org\/{rel}","templated":true}]}}