{"id":107118,"date":"2026-03-16T07:22:09","date_gmt":"2026-03-16T06:22:09","guid":{"rendered":"https:\/\/www.n-news.de\/\/?p=107118"},"modified":"2026-03-16T13:33:06","modified_gmt":"2026-03-16T12:33:06","slug":"schweizer-traditionen-und-gelebtes-brauchtum-die-lokale-kultur-authentisch-und-nachhaltig-erleben","status":"publish","type":"post","link":"https:\/\/www.n-news.de\/?p=107118","title":{"rendered":"Schweizer Traditionen und gelebtes Brauchtum \u2013 Die lokale Kultur authentisch und nachhaltig erleben"},"content":{"rendered":"<p>#schweiz #tradition <\/p>\n<p><strong>Seit jeher pflegen Schweizerinnen und Schweizer ihre eigenen, lokalen Br\u00e4uche \u2013 und bescheren dem Land auf diese Weise eine enorme Vielfalt an kulturellen Anl\u00e4ssen und lebendigen Traditionen. Ob musikalisches Brauchtum, das traditionelle \u00c4lplerleben oder sportliche Br\u00e4uche \u2013 G\u00e4ste k\u00f6nnen in der Schweiz dem Zelebrieren der lokalen Kultur beiwohnen und hautnah dabei sein, wenn urspr\u00fcngliche Traditionen nachhaltig gelebt und an die n\u00e4chste Generation weitergegeben werden. <\/strong><\/p>\n<p><strong>Musikalische Traditionen<\/strong><br \/>\nZu h\u00f6ren sind in der Regel das \u201eSchwyzer\u00f6rgeli\u201c (Handharmonika) sowie Geigen, Bassgeigen, Klarinetten und in gewissen Regionen das Hackbrett oder \u201eTr\u00fcmpi\u201c (Maultrommel). Entwickelt hat sich die alpenl\u00e4ndische Volksmusik \u00fcber Generationen und Jahrhunderte. Als typisch schweizerisch gelten das Alphorn, urspr\u00fcnglich ein Musik- und Signalinstrument der Hirten, sowie die zahlreichen Jodelch\u00f6re, die sich seit dem 19. Jahrhundert formiert haben. <a href=\"http:\/\/www.myswitzerland.com\/de-de\/planung\/ueber-die-schweiz\/brauchtum-und-tradition\/alphorn-auf-den-spuren-der-naturtoene\/\" rel=\"noopener noreferrer\" target=\"_blank\">www.myswitzerland.com\/de-de\/planung\/ueber-die-schweiz\/brauchtum-und-tradition\/alphorn-auf-den-spuren-der-naturtoene\/<\/a>, <a href=\"http:\/\/www.myswitzerland.com\/de-de\/planung\/ueber-die-schweiz\/brauchtum-und-tradition\/jodeln-wo-der-gute-ruf-zaehlt\/\" rel=\"noopener noreferrer\" target=\"_blank\">www.myswitzerland.com\/de-de\/planung\/ueber-die-schweiz\/brauchtum-und-tradition\/jodeln-wo-der-gute-ruf-zaehlt\/<\/a>, <a href=\"http:\/\/www.myswitzerland.com\/de-de\/planung\/ueber-die-schweiz\/brauchtum-und-tradition\/volksmusik-in-der-schweiz\/\" rel=\"noopener noreferrer\" target=\"_blank\">www.myswitzerland.com\/de-de\/planung\/ueber-die-schweiz\/brauchtum-und-tradition\/volksmusik-in-der-schweiz\/<\/a><\/p>\n<div id=\"attachment_107128\" style=\"width: 610px\" class=\"wp-caption alignleft\"><img aria-describedby=\"caption-attachment-107128\" loading=\"lazy\" src=\"https:\/\/www.n-news.de\/wp-content\/uploads\/2022\/03\/Alpabzug-mit-Geissen-und-Kuehen-bei-Schwende-Appenzell-\u00a9Switzerland-Tourism-_-Jan-Geerk.jpg\" alt=\"\" width=\"600\" height=\"400\" class=\"size-full wp-image-107128\" srcset=\"https:\/\/www.n-news.de\/wp-content\/uploads\/2022\/03\/Alpabzug-mit-Geissen-und-Kuehen-bei-Schwende-Appenzell-\u00a9Switzerland-Tourism-_-Jan-Geerk.jpg 600w, https:\/\/www.n-news.de\/wp-content\/uploads\/2022\/03\/Alpabzug-mit-Geissen-und-Kuehen-bei-Schwende-Appenzell-\u00a9Switzerland-Tourism-_-Jan-Geerk-300x200.jpg 300w, https:\/\/www.n-news.de\/wp-content\/uploads\/2022\/03\/Alpabzug-mit-Geissen-und-Kuehen-bei-Schwende-Appenzell-\u00a9Switzerland-Tourism-_-Jan-Geerk-120x80.jpg 120w\" sizes=\"(max-width: 600px) 100vw, 600px\" \/><p id=\"caption-attachment-107128\" class=\"wp-caption-text\">Alpabzug mit Gei\u00dfen und K\u00fchen bei Schwende, Appenzell. Foto \u00a9 Switzerland Tourism \/ Jan Geerk<\/p><\/div>\n<p><strong>Auf der Alp<\/strong><br \/>\nDie Alpwirtschaft in der Schweiz hat eine lange Geschichte. Man geht heute davon aus, dass bereits 4000 v. Chr. die Weiden oberhalb der Waldgrenze genutzt wurden. Die Herstellung von K\u00e4se im Sommer diente den Menschen dazu, Milch haltbar zu machen und Vorr\u00e4te f\u00fcr die langen Wintermonate anzulegen. Im Zuge der Alpwirtschaft bildeten sich auch verschiedene Br\u00e4uche heraus, wie die festlichen Auf- und Abz\u00fcge, der Betruf, die \u00c4lplerchilbi oder die Ch\u00e4steilet \u2013 Traditionen, die bis heute gepflegt und weitergegeben werden. <a href=\"http:\/\/www.myswitzerland.com\/de-de\/planung\/ueber-die-schweiz\/brauchtum-und-tradition\/das-alpleben-wo-berge-versetzt-werden\/\" rel=\"noopener noreferrer\" target=\"_blank\">www.myswitzerland.com\/de-de\/planung\/ueber-die-schweiz\/brauchtum-und-tradition\/das-alpleben-wo-berge-versetzt-werden\/<\/a>, <a href=\"http:\/\/www.myswitzerland.com\/de-de\/erlebnisse\/sommer-herbst\/herbst\/schweizer-alpabzuege\" rel=\"noopener noreferrer\" target=\"_blank\">www.myswitzerland.com\/de-de\/erlebnisse\/sommer-herbst\/herbst\/schweizer-alpabzuege<\/a><\/p>\n<p><strong>Sportliche Br\u00e4uche<\/strong><br \/>\nW\u00e4hrend vor allem regionale oder lokale Sportbr\u00e4uche oft ganz in Vergessenheit gerieten, erfreuen sich einige traditionelle Sportarten wieder steigender Beliebtheit. Gro\u00df-Events werden hierbei immer popul\u00e4rer: An mehrt\u00e4gigen Festanl\u00e4ssen geben Schwinger, Steinst\u00f6sser und Hornusser ihr K\u00f6nnen zum Besten, musikalisch umrahmt von Jodlerch\u00f6ren und Hand\u00f6rgeli-Kappellen. <a href=\"http:\/\/www.myswitzerland.com\/de-de\/erlebnisse\/veranstaltungen\/eidgenoessisches-schwing-und-aelplerfest-2022\/\" rel=\"noopener noreferrer\" target=\"_blank\">www.myswitzerland.com\/de-de\/erlebnisse\/veranstaltungen\/eidgenoessisches-schwing-und-aelplerfest-2022\/<\/a>, <a href=\"http:\/\/www.myswitzerland.com\/de-de\/planung\/ueber-die-schweiz\/brauchtum-und-tradition\/schwingen-vom-hirten-zum-spitzensport\/\" rel=\"noopener noreferrer\" target=\"_blank\">www.myswitzerland.com\/de-de\/planung\/ueber-die-schweiz\/brauchtum-und-tradition\/schwingen-vom-hirten-zum-spitzensport\/<\/a>, <a href=\"http:\/\/www.myswitzerland.com\/de-de\/planung\/ueber-die-schweiz\/brauchtum-und-tradition\/hornussen-wo-die-nuoss-vom-bock-ins-ries-fliegt\" rel=\"noopener noreferrer\" target=\"_blank\">www.myswitzerland.com\/de-de\/planung\/ueber-die-schweiz\/brauchtum-und-tradition\/hornussen-wo-die-nuoss-vom-bock-ins-ries-fliegt<\/a><\/p>\n<p>Quelle \/ MehrInfos:<br \/>\n<a href=\"http:\/\/www.myswitzerland.com\/de-de\/planung\/ueber-die-schweiz\/brauchtum-und-tradition\" rel=\"noopener noreferrer\" target=\"_blank\">www.myswitzerland.com\/de-de\/planung\/ueber-die-schweiz\/brauchtum-und-tradition<\/a><\/p>\n<div class=\"twoclick_social_bookmarks_post_107118 social_share_privacy clearfix 1.6.4 locale-de_DE sprite-de_DE\"><\/div><div class=\"twoclick-js\"><script type=\"text\/javascript\">\/* <![CDATA[ *\/\njQuery(document).ready(function($){if($('.twoclick_social_bookmarks_post_107118')){$('.twoclick_social_bookmarks_post_107118').socialSharePrivacy({\"services\":{\"facebook\":{\"status\":\"on\",\"txt_info\":\"\",\"perma_option\":\"off\",\"action\":\"like\",\"language\":\"de_DE\"},\"twitter\":{\"reply_to\":\"nnews_de\",\"tweet_text\":\"%20Schweizer%20Traditionen%20und%20gelebtes%20Brauchtum%20%E2%80%93%20Die%20lokale%20Kultur%20...\",\"status\":\"on\",\"txt_info\":\"\",\"perma_option\":\"off\",\"language\":\"de\",\"referrer_track\":\"\"},\"gplus\":{\"status\":\"on\",\"txt_info\":\"\",\"perma_option\":\"off\",\"referrer_track\":\"\"},\"pinterest\":{\"status\":\"on\",\"the_excerpt\":\"Schweizer Traditionen und gelebtes Brauchtum \\u2013 Die lokale Kultur authentisch und nachhaltig erleben &raquo; #schweiz #tradition \\r\\n\\r\\nSeit jeher pflegen Schweizerinnen und Schw ...\",\"txt_info\":\"\",\"perma_option\":\"off\",\"media\":\"https:\\\/\\\/www.n-news.de\\\/wp-content\\\/uploads\\\/2022\\\/03\\\/Alpabzug-mit-Geissen-und-Kuehen-bei-Schwende-Appenzell-\\u00a9Switzerland-Tourism-_-Jan-Geerk.jpg\"},\"linkedin\":{\"status\":\"on\",\"txt_info\":\"2 Klicks f\\u00fcr mehr Datenschutz: Erst wenn Sie hier klicken, wird der Button aktiv und Sie k\\u00f6nnen Ihre Empfehlung an LinkedIn senden. Schon beim Aktivieren werden Daten an Dritte \\u00fcbertragen - siehe <em>i<\\\/em>.\",\"perma_option\":\"off\"}},\"txt_help\":\"\",\"settings_perma\":\"\",\"info_link\":\"\",\"uri\":\"https:\\\/\\\/www.n-news.de\\\/?p=107118\",\"post_id\":107118,\"post_title_referrer_track\":\"Schweizer+Traditionen+und+gelebtes+Brauchtum+%E2%80%93+Die+lokale+Kultur+authentisch+und+nachhaltig+erleben\",\"display_infobox\":\"on\"});}});\n\/* ]]> *\/<\/script><\/div>","protected":false},"excerpt":{"rendered":"<p>#schweiz #tradition Seit jeher pflegen Schweizerinnen und Schweizer ihre eigenen, lokalen Br\u00e4uche \u2013 und bescheren dem Land auf diese Weise eine enorme Vielfalt an kulturellen Anl\u00e4ssen und lebendigen Traditionen. Ob musikalisches Brauchtum, das traditionelle \u00c4lplerleben oder sportliche Br\u00e4uche \u2013 G\u00e4ste k\u00f6nnen in der Schweiz dem Zelebrieren der lokalen Kultur beiwohnen und hautnah dabei sein, wenn [&hellip;]<\/p>\n","protected":false},"author":2,"featured_media":107128,"comment_status":"closed","ping_status":"closed","sticky":false,"template":"","format":"standard","meta":[],"categories":[1,67],"tags":[16,150],"_links":{"self":[{"href":"https:\/\/www.n-news.de\/index.php?rest_route=\/wp\/v2\/posts\/107118"}],"collection":[{"href":"https:\/\/www.n-news.de\/index.php?rest_route=\/wp\/v2\/posts"}],"about":[{"href":"https:\/\/www.n-news.de\/index.php?rest_route=\/wp\/v2\/types\/post"}],"author":[{"embeddable":true,"href":"https:\/\/www.n-news.de\/index.php?rest_route=\/wp\/v2\/users\/2"}],"replies":[{"embeddable":true,"href":"https:\/\/www.n-news.de\/index.php?rest_route=%2Fwp%2Fv2%2Fcomments&post=107118"}],"version-history":[{"count":2,"href":"https:\/\/www.n-news.de\/index.php?rest_route=\/wp\/v2\/posts\/107118\/revisions"}],"predecessor-version":[{"id":125237,"href":"https:\/\/www.n-news.de\/index.php?rest_route=\/wp\/v2\/posts\/107118\/revisions\/125237"}],"wp:featuredmedia":[{"embeddable":true,"href":"https:\/\/www.n-news.de\/index.php?rest_route=\/wp\/v2\/media\/107128"}],"wp:attachment":[{"href":"https:\/\/www.n-news.de\/index.php?rest_route=%2Fwp%2Fv2%2Fmedia&parent=107118"}],"wp:term":[{"taxonomy":"category","embeddable":true,"href":"https:\/\/www.n-news.de\/index.php?rest_route=%2Fwp%2Fv2%2Fcategories&post=107118"},{"taxonomy":"post_tag","embeddable":true,"href":"https:\/\/www.n-news.de\/index.php?rest_route=%2Fwp%2Fv2%2Ftags&post=107118"}],"curies":[{"name":"wp","href":"https:\/\/api.w.org\/{rel}","templated":true}]}}