{"id":106107,"date":"2025-12-07T07:03:11","date_gmt":"2025-12-07T06:03:11","guid":{"rendered":"https:\/\/www.n-news.de\/\/?p=106107"},"modified":"2025-10-13T10:34:03","modified_gmt":"2025-10-13T08:34:03","slug":"weihnachtsbaum-mieten-nachhaltige-alternative-zur-geschlagenen-tanne","status":"publish","type":"post","link":"https:\/\/www.n-news.de\/?p=106107","title":{"rendered":"Weihnachtsbaum mieten: Nachhaltige Alternative zur geschlagenen Tanne?"},"content":{"rendered":"<p>#Weihnachtsbaummiete #advent<\/p>\n<p><strong>Wer Weihnachten nachhaltig gestalten m\u00f6chte, hat viele M\u00f6glichkeiten. Vom wiederverwendbaren Geschenks\u00e4ckchen, \u00fcber das Festessen aus regionalen Zutaten bis zu Konsumverzicht. Auch mieten sich immer mehr Menschen einen Weihnachtsbaum, statt eine geschlagene Tanne zu kaufen. Aber ist das wirklich sinnvoll? Sascha Schneiderwind, Umwelt- und Klimaschutzexperte der ERGO Group, erkl\u00e4rt, worauf zu achten ist, damit der gemietete Baum tats\u00e4chlich nachhaltig ist. Welche Rechte und Pflichten die Baum-Mieter haben, wei\u00df Michaela Rassat, Juristin der ERGO Rechtsschutz Leistungs-GmbH.<\/strong><\/p>\n<p><strong>Kurze Wege f\u00fcr den Baum<\/strong><br \/>\nWer sich f\u00fcr einen gemieteten Weihnachtsbaum entscheidet, erh\u00e4lt diesen bei den meisten Anbietern zum Wunschdatum in einem Topf geliefert. Nach den Feiertagen holen sie den Baum wieder ab und pflanzen ihn erneut ein. So lebt der Baum weiter und wandert nicht in den M\u00fcll. Wer den Baum online bestellt, sollte auf m\u00f6glichst kurze Transportwege achten. \u201eDamit der Miet-Baum wirklich nachhaltig ist, am besten eine lokale Baumschule oder einen nahegelegenen Forstbetrieb w\u00e4hlen\u201c, erl\u00e4utert Sascha Schneiderwind. \u201eSonst entsteht unn\u00f6tig viel CO2 durch lange Fahrten.\u201c Auch Qualit\u00e4tssiegel zur \u00f6kologischen Aufzucht, beispielsweise FSC- oder EU-Bio-Siegel, helfen bei der Auswahl.<\/p>\n<div id=\"attachment_94634\" style=\"width: 610px\" class=\"wp-caption alignleft\"><img aria-describedby=\"caption-attachment-94634\" loading=\"lazy\" src=\"https:\/\/www.n-news.de\/wp-content\/uploads\/2019\/11\/weihnachtskugel.jpg\" alt=\"\" width=\"600\" height=\"400\" class=\"size-full wp-image-94634\" srcset=\"https:\/\/www.n-news.de\/wp-content\/uploads\/2019\/11\/weihnachtskugel.jpg 600w, https:\/\/www.n-news.de\/wp-content\/uploads\/2019\/11\/weihnachtskugel-300x200.jpg 300w\" sizes=\"(max-width: 600px) 100vw, 600px\" \/><p id=\"caption-attachment-94634\" class=\"wp-caption-text\">Weihnachtskugel. Foto  \u00a9 unsplash.com<\/p><\/div>\n<p><strong>Ein Miet-Baum will gepflegt sein<\/strong><br \/>\nDamit der gemietete Weihnachtsbaum keinen Schaden nimmt, sollten die Mieter ihn gut pflegen: Dazu den Baum zun\u00e4chst an einem schattigen, frostfreien und windgesch\u00fctzten Ort wie der Garage oder dem Hausflur stehen lassen, damit er sich akklimatisieren kann. In der Wohnung sollte er einen Platz m\u00f6glichst weit entfernt von Heizk\u00f6rpern finden. Damit der Wurzelballen nicht austrocknet und die Nadeln nicht abfallen, regelm\u00e4\u00dfig gie\u00dfen nicht vergessen. Und auf keinen Fall mit Kunstschnee bespr\u00fchen!<\/p>\n<p><strong>Retoure bei Miet-B\u00e4umen?<\/strong><br \/>\nManch einem Mieter erscheint der Baum zu gro\u00df oder zu klein, sobald er in der Wohnung aufgestellt ist. Oder er gef\u00e4llt einfach nicht. Dann hilft ein Blick auf die Homepage des Vermieters: Gibt es Vertragsbedingungen, die Einzelheiten regeln? Und ist dort von Miete oder von Kauf die Rede? Hat der Mieter den Baum vor Ort selbst ausgesucht und selbst transportiert, kann er sich \u00fcber Nichtgefallen nicht beschweren. \u201eAnders sieht die Sache aus, wenn er den Baum online oder telefonisch bestellt hat und diesen geliefert bekommen hat. In diesem Fall gilt das gesetzliche Widerrufsrecht von 14 Tagen\u201c, erkl\u00e4rt Michaela Rassat. Das Oberlandesgericht Celle hat bereits 2012 entschieden, dass das Widerrufsrecht auch f\u00fcr lebende Pflanzen gilt \u2013 B\u00e4ume mit Wurzel sind keine verderbliche Ware, die vom Widerruf ausgenommen w\u00e4re (Az. 2 U 154\/12). Der Kunde kann also den Vertrag widerrufen, ohne besondere Gr\u00fcnde anzugeben \u2013 er muss dies nur dem H\u00e4ndler ausdr\u00fccklich mitteilen. Dann kann er den Baum zur\u00fcckschicken. Dies sollte nach den Anleitungen des H\u00e4ndlers passieren, damit der Baum keinen Schaden nimmt. F\u00fcr Sch\u00e4den durch unzureichende Verpackung haftet der Kunde. \u201eNachhaltig ist solch eine Retoure allerdings nicht. Der Mieter sollte also gut \u00fcberlegen, ob ein Widerruf wirklich notwendig ist\u201c, so Rassat.<\/p>\n<p><strong>Baum kaputt trotz richtiger Pflege?<\/strong><br \/>\nDie einzelnen vertraglichen Regelungen sind bei den verschiedenen Anbietern von Miet-Weihnachtsb\u00e4umen unterschiedlich. Manche bieten an, den Baum ohne Aufpreis zu behalten. \u201eDann ist davon auszugehen, dass rechtlich ein Kaufvertrag und kein Mietvertrag vorliegt\u201c, erkl\u00e4rt Rassat. \u201eDemnach h\u00e4tte es keine Folgen, wenn der Baum Schaden nimmt.\u201c Aber: Kommt der Baum bereits besch\u00e4digt beim Kunden an, sind Gew\u00e4hrleistungsanspr\u00fcche denkbar. Einfacher ist es meist jedoch, sich auf das Widerrufsrecht zu berufen. Andere Anbieter sprechen in ihren Allgemeinen Gesch\u00e4ftsbedingungen ausdr\u00fccklich von \u201eMiete\u201c und sehen dort auch eine Haftung des Kunden f\u00fcr den Fall vor, dass er den Baum zum Beispiel durch die Verwendung von echten Kerzen, Lametta oder einer Baumspitze besch\u00e4digt.<\/p>\n<p>Quelle: ERGO Group<\/p>\n<div class=\"twoclick_social_bookmarks_post_106107 social_share_privacy clearfix 1.6.4 locale-de_DE sprite-de_DE\"><\/div><div class=\"twoclick-js\"><script type=\"text\/javascript\">\/* <![CDATA[ *\/\njQuery(document).ready(function($){if($('.twoclick_social_bookmarks_post_106107')){$('.twoclick_social_bookmarks_post_106107').socialSharePrivacy({\"services\":{\"facebook\":{\"status\":\"on\",\"txt_info\":\"\",\"perma_option\":\"off\",\"action\":\"like\",\"language\":\"de_DE\"},\"twitter\":{\"reply_to\":\"nnews_de\",\"tweet_text\":\"%20Weihnachtsbaum%20mieten%3A%20Nachhaltige%20Alternative%20zur%20geschlagenen%20Tanne%3F%20...\",\"status\":\"on\",\"txt_info\":\"\",\"perma_option\":\"off\",\"language\":\"de\",\"referrer_track\":\"\"},\"gplus\":{\"status\":\"on\",\"txt_info\":\"\",\"perma_option\":\"off\",\"referrer_track\":\"\"},\"pinterest\":{\"status\":\"on\",\"the_excerpt\":\"Weihnachtsbaum mieten: Nachhaltige Alternative zur geschlagenen Tanne? &raquo; #Weihnachtsbaummiete #advent\\r\\n\\r\\nWer Weihnachten nachhaltig gestalt ...\",\"txt_info\":\"\",\"perma_option\":\"off\",\"media\":\"https:\\\/\\\/www.n-news.de\\\/wp-content\\\/uploads\\\/2019\\\/11\\\/weihnachtskugel.jpg\"},\"linkedin\":{\"status\":\"on\",\"txt_info\":\"2 Klicks f\\u00fcr mehr Datenschutz: Erst wenn Sie hier klicken, wird der Button aktiv und Sie k\\u00f6nnen Ihre Empfehlung an LinkedIn senden. Schon beim Aktivieren werden Daten an Dritte \\u00fcbertragen - siehe <em>i<\\\/em>.\",\"perma_option\":\"off\"}},\"txt_help\":\"\",\"settings_perma\":\"\",\"info_link\":\"\",\"uri\":\"https:\\\/\\\/www.n-news.de\\\/?p=106107\",\"post_id\":106107,\"post_title_referrer_track\":\"Weihnachtsbaum+mieten%3A+Nachhaltige+Alternative+zur+geschlagenen+Tanne%3F\",\"display_infobox\":\"on\"});}});\n\/* ]]> *\/<\/script><\/div>","protected":false},"excerpt":{"rendered":"<p>#Weihnachtsbaummiete #advent Wer Weihnachten nachhaltig gestalten m\u00f6chte, hat viele M\u00f6glichkeiten. Vom wiederverwendbaren Geschenks\u00e4ckchen, \u00fcber das Festessen aus regionalen Zutaten bis zu Konsumverzicht. Auch mieten sich immer mehr Menschen einen Weihnachtsbaum, statt eine geschlagene Tanne zu kaufen. Aber ist das wirklich sinnvoll? Sascha Schneiderwind, Umwelt- und Klimaschutzexperte der ERGO Group, erkl\u00e4rt, worauf zu achten ist, damit [&hellip;]<\/p>\n","protected":false},"author":2,"featured_media":94634,"comment_status":"closed","ping_status":"closed","sticky":false,"template":"","format":"standard","meta":[],"categories":[1,43],"tags":[330,322,156],"_links":{"self":[{"href":"https:\/\/www.n-news.de\/index.php?rest_route=\/wp\/v2\/posts\/106107"}],"collection":[{"href":"https:\/\/www.n-news.de\/index.php?rest_route=\/wp\/v2\/posts"}],"about":[{"href":"https:\/\/www.n-news.de\/index.php?rest_route=\/wp\/v2\/types\/post"}],"author":[{"embeddable":true,"href":"https:\/\/www.n-news.de\/index.php?rest_route=\/wp\/v2\/users\/2"}],"replies":[{"embeddable":true,"href":"https:\/\/www.n-news.de\/index.php?rest_route=%2Fwp%2Fv2%2Fcomments&post=106107"}],"version-history":[{"count":0,"href":"https:\/\/www.n-news.de\/index.php?rest_route=\/wp\/v2\/posts\/106107\/revisions"}],"wp:featuredmedia":[{"embeddable":true,"href":"https:\/\/www.n-news.de\/index.php?rest_route=\/wp\/v2\/media\/94634"}],"wp:attachment":[{"href":"https:\/\/www.n-news.de\/index.php?rest_route=%2Fwp%2Fv2%2Fmedia&parent=106107"}],"wp:term":[{"taxonomy":"category","embeddable":true,"href":"https:\/\/www.n-news.de\/index.php?rest_route=%2Fwp%2Fv2%2Fcategories&post=106107"},{"taxonomy":"post_tag","embeddable":true,"href":"https:\/\/www.n-news.de\/index.php?rest_route=%2Fwp%2Fv2%2Ftags&post=106107"}],"curies":[{"name":"wp","href":"https:\/\/api.w.org\/{rel}","templated":true}]}}