{"id":106090,"date":"2025-12-16T11:25:03","date_gmt":"2025-12-16T10:25:03","guid":{"rendered":"https:\/\/www.n-news.de\/\/?p=106090"},"modified":"2025-10-13T11:14:27","modified_gmt":"2025-10-13T09:14:27","slug":"ein-fest-fuers-klima-so-wird-weihnachten-klimafreundlich","status":"publish","type":"post","link":"https:\/\/www.n-news.de\/?p=106090","title":{"rendered":"Ein Fest f\u00fcrs Klima: So wird Weihnachten klimafreundlich"},"content":{"rendered":"<p>#klimafreundlich <\/p>\n<h3>Ein Fest f\u00fcrs Klima: So wird Weihnachten klimafreundlich <\/h3>\n<p>\u00ad<br \/>\n<strong>F\u00fcr viele sind die Weihnachtsfeiertage die sch\u00f6nste Zeit im Jahr. Dennoch steigt jedes Jahr zum Fest der Energieverbrauch deutlich an. Mit diesen drei Tipps verr\u00e4t die Energieberatung der Verbraucherzentrale Baden-W\u00fcrttemberg, wie Sie die besinnlichen Tage klimafreundlicher gestalten k\u00f6nnen \u2013 ohne die Freude daran zu verlieren.<\/strong><br \/>\n\u00ad<br \/>\n<strong>1. Die Beleuchtung \u2013 so leuchtet es nachhaltig<\/strong><br \/>\n\u00dcberall funkelt und glitzert es an Weihnachten an den B\u00e4umen und in den Fenstern. Wenn Sie auf die Festlichkeit durch Beleuchtung nicht verzichten m\u00f6chten, haben Sie eine \u00f6kologischere Alternative: Nutzen Sie LED-Leuchten und -Lichterketten. LED leuchtet sparsam und hat eine lange Lebenszeit. Mittlerweile ist LED-Licht auch nicht mehr ungem\u00fctlich wei\u00df, sondern in verschiedensten Lichtt\u00f6nen erh\u00e4ltlich. Auch wenn Sie alte, noch funktionierende Lichterketten haben, sollten Sie auf LED umsteigen, denn hier ist eine Energieersparnis von bis zu 80 Prozent drin.<br \/>\n\u00ad<br \/>\n<div id=\"attachment_106091\" style=\"width: 460px\" class=\"wp-caption alignleft\"><img aria-describedby=\"caption-attachment-106091\" loading=\"lazy\" src=\"https:\/\/www.n-news.de\/wp-content\/uploads\/2021\/12\/2021-12-05-16.33.35.jpg\" alt=\"\" width=\"450\" height=\"600\" class=\"size-full wp-image-106091\" srcset=\"https:\/\/www.n-news.de\/wp-content\/uploads\/2021\/12\/2021-12-05-16.33.35.jpg 450w, https:\/\/www.n-news.de\/wp-content\/uploads\/2021\/12\/2021-12-05-16.33.35-225x300.jpg 225w\" sizes=\"(max-width: 450px) 100vw, 450px\" \/><p id=\"caption-attachment-106091\" class=\"wp-caption-text\">Weihnachtspl\u00e4tzchen<\/p><\/div><br \/>\n<strong>2. Pl\u00e4tzchen und Lebkuchen<\/strong><br \/>\nPl\u00e4tzchen backen geh\u00f6rt einfach zu Weihnachten dazu. Strom l\u00e4sst sich hier ganz einfach sparen, indem Sie den Ofen auf Umluft einstellen. So l\u00e4sst sich auf mehreren Ebenen gleichzeitig backen. Verzichten Sie auf das Vorheizen des Backofens, sparen Sie bis zu 20 Prozent Energie. Bei l\u00e4ngerer Backzeit der weihnachtlichen Leckereien kann der Ofen zudem zehn Minuten fr\u00fcher ausgeschalten werden: Die Nachw\u00e4rme reicht bis zum Ende der Backzeit aus, was zus\u00e4tzlich Energie spart.<br \/>\n\u00ad<br \/>\n<strong>3. Die Heizung \u2013 ein, zwei Grad weniger ist nachhaltiger<\/strong><br \/>\nWenn an Weihnachten die ganze Familie um den K\u00fcchentisch hockt und im Wohnzimmer die Bienenwachskerzen am Weihnachtsbaum leuchten, k\u00f6nnen Sie die Thermostate an den Heizk\u00f6rpern getrost runterregeln. Niemand wird frieren \u2013 aber Sie werden sparen: Jedes Grad Raumtemperatur kostet n\u00e4mlich rund 6 Prozent Energie. Brauchen Sie frische Luft, sollten Sie kurz Sto\u00dfl\u00fcften und am besten f\u00fcr Querl\u00fcftung sorgen, damit die verbrauchte Luft effizient ausgetauscht wird.<br \/>\n\u00ad<br \/>\nBei allen Fragen zum effizienten Einsatz von Energie zu Hause hilft die Bundesf\u00f6rderung f\u00fcr Energieberatung der Verbraucherzentrale: online, telefonisch oder mit einem pers\u00f6nlichen Beratungsgespr\u00e4ch. Die Berater:innen informieren anbieterunabh\u00e4ngig und individuell. F\u00fcr einkommensschwache Haushalte mit entsprechendem Nachweis sind die Beratungsangebote kostenfrei. Mehr Informationen gibt es auf www.verbraucherzentrale-energieberatung.de oder unter 0800 \u2013 809 802 400 (kostenfrei). Die Energieberatung der Verbraucherzentrale wird gef\u00f6rdert vom Bundesministerium f\u00fcr Wirtschaft und Energie.<\/p>\n<p>Quelle: Verbraucherzentrale Baden-W\u00fcrttemberg e.V.<\/p>\n<div class=\"twoclick_social_bookmarks_post_106090 social_share_privacy clearfix 1.6.4 locale-de_DE sprite-de_DE\"><\/div><div class=\"twoclick-js\"><script type=\"text\/javascript\">\/* <![CDATA[ *\/\njQuery(document).ready(function($){if($('.twoclick_social_bookmarks_post_106090')){$('.twoclick_social_bookmarks_post_106090').socialSharePrivacy({\"services\":{\"facebook\":{\"status\":\"on\",\"txt_info\":\"\",\"perma_option\":\"off\",\"action\":\"like\",\"language\":\"de_DE\"},\"twitter\":{\"reply_to\":\"nnews_de\",\"tweet_text\":\"Ein%20Fest%20f%C3%BCrs%20Klima%3A%20So%20wird%20Weihnachten%20klimafreundlich%20%C2%BB%20N-News.de\",\"status\":\"on\",\"txt_info\":\"\",\"perma_option\":\"off\",\"language\":\"de\",\"referrer_track\":\"\"},\"gplus\":{\"status\":\"on\",\"txt_info\":\"\",\"perma_option\":\"off\",\"referrer_track\":\"\"},\"pinterest\":{\"status\":\"on\",\"the_excerpt\":\"Ein Fest f\\u00fcrs Klima: So wird Weihnachten klimafreundlich &raquo; #klimafreundlich \\r\\n\\r\\nEin Fest f\\u00fcrs Klima: So wird Weihnachten klim ...\",\"txt_info\":\"\",\"perma_option\":\"off\",\"media\":\"https:\\\/\\\/www.n-news.de\\\/wp-content\\\/uploads\\\/2021\\\/12\\\/2021-12-05-16.33.35.jpg\"},\"linkedin\":{\"status\":\"on\",\"txt_info\":\"2 Klicks f\\u00fcr mehr Datenschutz: Erst wenn Sie hier klicken, wird der Button aktiv und Sie k\\u00f6nnen Ihre Empfehlung an LinkedIn senden. Schon beim Aktivieren werden Daten an Dritte \\u00fcbertragen - siehe <em>i<\\\/em>.\",\"perma_option\":\"off\"}},\"txt_help\":\"\",\"settings_perma\":\"\",\"info_link\":\"\",\"uri\":\"https:\\\/\\\/www.n-news.de\\\/?p=106090\",\"post_id\":106090,\"post_title_referrer_track\":\"Ein+Fest+f%C3%BCrs+Klima%3A+So+wird+Weihnachten+klimafreundlich\",\"display_infobox\":\"on\"});}});\n\/* ]]> *\/<\/script><\/div>","protected":false},"excerpt":{"rendered":"<p>#klimafreundlich Ein Fest f\u00fcrs Klima: So wird Weihnachten klimafreundlich \u00ad F\u00fcr viele sind die Weihnachtsfeiertage die sch\u00f6nste Zeit im Jahr. Dennoch steigt jedes Jahr zum Fest der Energieverbrauch deutlich an. Mit diesen drei Tipps verr\u00e4t die Energieberatung der Verbraucherzentrale Baden-W\u00fcrttemberg, wie Sie die besinnlichen Tage klimafreundlicher gestalten k\u00f6nnen \u2013 ohne die Freude daran zu verlieren. [&hellip;]<\/p>\n","protected":false},"author":2,"featured_media":106091,"comment_status":"closed","ping_status":"closed","sticky":false,"template":"","format":"standard","meta":[],"categories":[1,43],"tags":[163,156],"_links":{"self":[{"href":"https:\/\/www.n-news.de\/index.php?rest_route=\/wp\/v2\/posts\/106090"}],"collection":[{"href":"https:\/\/www.n-news.de\/index.php?rest_route=\/wp\/v2\/posts"}],"about":[{"href":"https:\/\/www.n-news.de\/index.php?rest_route=\/wp\/v2\/types\/post"}],"author":[{"embeddable":true,"href":"https:\/\/www.n-news.de\/index.php?rest_route=\/wp\/v2\/users\/2"}],"replies":[{"embeddable":true,"href":"https:\/\/www.n-news.de\/index.php?rest_route=%2Fwp%2Fv2%2Fcomments&post=106090"}],"version-history":[{"count":0,"href":"https:\/\/www.n-news.de\/index.php?rest_route=\/wp\/v2\/posts\/106090\/revisions"}],"wp:featuredmedia":[{"embeddable":true,"href":"https:\/\/www.n-news.de\/index.php?rest_route=\/wp\/v2\/media\/106091"}],"wp:attachment":[{"href":"https:\/\/www.n-news.de\/index.php?rest_route=%2Fwp%2Fv2%2Fmedia&parent=106090"}],"wp:term":[{"taxonomy":"category","embeddable":true,"href":"https:\/\/www.n-news.de\/index.php?rest_route=%2Fwp%2Fv2%2Fcategories&post=106090"},{"taxonomy":"post_tag","embeddable":true,"href":"https:\/\/www.n-news.de\/index.php?rest_route=%2Fwp%2Fv2%2Ftags&post=106090"}],"curies":[{"name":"wp","href":"https:\/\/api.w.org\/{rel}","templated":true}]}}