{"id":106086,"date":"2025-12-08T07:17:36","date_gmt":"2025-12-08T06:17:36","guid":{"rendered":"https:\/\/www.n-news.de\/\/?p=106086"},"modified":"2025-12-04T15:11:50","modified_gmt":"2025-12-04T14:11:50","slug":"weihnachtsbaum-sicher-transportieren","status":"publish","type":"post","link":"https:\/\/www.n-news.de\/?p=106086","title":{"rendered":"Weihnachtsbaum sicher transportieren"},"content":{"rendered":"<p>#weihnachtsbaumtransport<\/p>\n<p><strong>ADAC W\u00fcrttemberg gibt Tipps f\u00fcr den korrekten Transport mit dem Auto: Weihnachtsbaum muss fest mit Spanngurten gesichert sein.<\/strong><\/p>\n<p>Zu einem sch\u00f6nen Weihnachtsfest geh\u00f6rt der passende Baum einfach dazu. Der ADAC W\u00fcrttemberg erkl\u00e4rt, wie auch der Transport der Tanne nach Hause sicher und entspannt verl\u00e4uft. \u201eGanz entscheidend ist die korrekte Befestigung mit Spanngurten \u2013 einfache Expander reichen hier nicht aus\u201c, sagt Christian Sch\u00e4fer, Abteilungsleiter Mobilit\u00e4t und Technik beim ADAC W\u00fcrttemberg. Denn schon ein kleiner Baum kann zu einer gro\u00dfen Gefahr werden, wenn er nicht ausreichend gesichert ist. ADAC Crashversuche zeigen, dass bei einem Unfall mit 50 km\/h sich ein 30 Kilogramm schwerer Baum in ein 750-Kilo-Geschoss verwandeln kann.<\/p>\n<p>Wer seinen Weihnachtsbaum im Innenraum des Autos transportiert, sollte die hintere Sitzbank umklappen und den Baum mit dem Stamm voraus gegen die R\u00fcckenlehne des Beifahrersitzes schieben. \u201eDamit auch beim Bremsen nichts verrutscht, muss der Baum mit Spanngurten fixiert sein\u201c, erkl\u00e4rt Sch\u00e4fer. \u201eDazu den Gurt einmal um den Stamm und einmal um die Spitze schlingen.\u201c F\u00fcr die Befestigung sind die \u00d6sen im Laderaum ideal geeignet. Das Innere des Autos sch\u00fctzt man am besten mit Decken oder einer Plane vor Tannennadeln und Baumharz.<\/p>\n<div id=\"attachment_106032\" style=\"width: 610px\" class=\"wp-caption alignleft\"><img aria-describedby=\"caption-attachment-106032\" loading=\"lazy\" src=\"https:\/\/www.n-news.de\/wp-content\/uploads\/2021\/12\/Advent1_2021cp-quer.jpg\" alt=\"\" width=\"600\" height=\"400\" class=\"size-full wp-image-106032\" srcset=\"https:\/\/www.n-news.de\/wp-content\/uploads\/2021\/12\/Advent1_2021cp-quer.jpg 600w, https:\/\/www.n-news.de\/wp-content\/uploads\/2021\/12\/Advent1_2021cp-quer-300x200.jpg 300w, https:\/\/www.n-news.de\/wp-content\/uploads\/2021\/12\/Advent1_2021cp-quer-120x80.jpg 120w\" sizes=\"(max-width: 600px) 100vw, 600px\" \/><p id=\"caption-attachment-106032\" class=\"wp-caption-text\">Weihnachtskranz<\/p><\/div>\n<p>Wenn der Weihnachtsbaum nicht in den Kofferraum passt, empfiehlt sich der Transport auf dem Dachgep\u00e4cktr\u00e4ger. Wie im Innenraum ist die korrekte Fixierung mit Spanngurten die Voraussetzung f\u00fcr eine sichere Fahrt. Christian Sch\u00e4fer gibt zu bedenken, dass auch beim Transport auf dem Dach gilt: \u201eDer Stamm muss nach vorne, die Baumspitze nach hinten zeigen.\u201c Sonst kann der Baum schnell zum Windfang werden, wodurch die Befestigungen st\u00e4rker belastet werden. Zudem bleibt auf diese Weise der Baum selbst gesch\u00fctzt, da der Fahrtwind die \u00c4ste nicht besch\u00e4digen kann. \u201eDamit beim Befestigen auf dem Dach der Lack nicht zerkratzt, legen Sie eine Decke unter den Baum\u201c, r\u00e4t ADAC Experte Sch\u00e4fer.<\/p>\n<p>Wer seine Ladung nicht ordnungsgem\u00e4\u00df sichert, dem droht ein Bu\u00dfgeld von 35 Euro \u2013 bei Gef\u00e4hrdung anderer Verkehrsteilnehmer sogar 60 Euro und ein Punkt. Wenn ein Christbaum mehr als einen Meter \u00fcber das Heck des Autos hinausragt, muss er, wie jede andere Ladung auch, mit einer roten Fahne gekennzeichnet werden, bei Dunkelheit mit einer roten Lampe. Andernfalls wird ein Verwarngeld von 25 Euro f\u00e4llig. Zudem d\u00fcrfen die R\u00fcckleuchten und das Kennzeichen nicht verdeckt werden.<\/p>\n<div class=\"twoclick_social_bookmarks_post_106086 social_share_privacy clearfix 1.6.4 locale-de_DE sprite-de_DE\"><\/div><div class=\"twoclick-js\"><script type=\"text\/javascript\">\/* <![CDATA[ *\/\njQuery(document).ready(function($){if($('.twoclick_social_bookmarks_post_106086')){$('.twoclick_social_bookmarks_post_106086').socialSharePrivacy({\"services\":{\"facebook\":{\"status\":\"on\",\"txt_info\":\"\",\"perma_option\":\"off\",\"action\":\"like\",\"language\":\"de_DE\"},\"twitter\":{\"reply_to\":\"nnews_de\",\"tweet_text\":\"Weihnachtsbaum%20sicher%20transportieren%20%C2%BB%20N-News.de\",\"status\":\"on\",\"txt_info\":\"\",\"perma_option\":\"off\",\"language\":\"de\",\"referrer_track\":\"\"},\"gplus\":{\"status\":\"on\",\"txt_info\":\"\",\"perma_option\":\"off\",\"referrer_track\":\"\"},\"pinterest\":{\"status\":\"on\",\"the_excerpt\":\"Weihnachtsbaum sicher transportieren &raquo; #weihnachtsbaumtransport\\r\\n\\r\\nADAC W\\u00fcrttemberg gibt Tipps f\\u00fcr den ko ...\",\"txt_info\":\"\",\"perma_option\":\"off\",\"media\":\"https:\\\/\\\/www.n-news.de\\\/wp-content\\\/uploads\\\/2021\\\/11\\\/news_pixabay_pixaline.jpg\"},\"linkedin\":{\"status\":\"on\",\"txt_info\":\"2 Klicks f\\u00fcr mehr Datenschutz: Erst wenn Sie hier klicken, wird der Button aktiv und Sie k\\u00f6nnen Ihre Empfehlung an LinkedIn senden. Schon beim Aktivieren werden Daten an Dritte \\u00fcbertragen - siehe <em>i<\\\/em>.\",\"perma_option\":\"off\"}},\"txt_help\":\"\",\"settings_perma\":\"\",\"info_link\":\"\",\"uri\":\"https:\\\/\\\/www.n-news.de\\\/?p=106086\",\"post_id\":106086,\"post_title_referrer_track\":\"Weihnachtsbaum+sicher+transportieren\",\"display_infobox\":\"on\"});}});\n\/* ]]> *\/<\/script><\/div>","protected":false},"excerpt":{"rendered":"<p>#weihnachtsbaumtransport ADAC W\u00fcrttemberg gibt Tipps f\u00fcr den korrekten Transport mit dem Auto: Weihnachtsbaum muss fest mit Spanngurten gesichert sein. Zu einem sch\u00f6nen Weihnachtsfest geh\u00f6rt der passende Baum einfach dazu. Der ADAC W\u00fcrttemberg erkl\u00e4rt, wie auch der Transport der Tanne nach Hause sicher und entspannt verl\u00e4uft. \u201eGanz entscheidend ist die korrekte Befestigung mit Spanngurten \u2013 einfache [&hellip;]<\/p>\n","protected":false},"author":2,"featured_media":105292,"comment_status":"closed","ping_status":"closed","sticky":false,"template":"","format":"standard","meta":[],"categories":[1,43],"tags":[240,156],"_links":{"self":[{"href":"https:\/\/www.n-news.de\/index.php?rest_route=\/wp\/v2\/posts\/106086"}],"collection":[{"href":"https:\/\/www.n-news.de\/index.php?rest_route=\/wp\/v2\/posts"}],"about":[{"href":"https:\/\/www.n-news.de\/index.php?rest_route=\/wp\/v2\/types\/post"}],"author":[{"embeddable":true,"href":"https:\/\/www.n-news.de\/index.php?rest_route=\/wp\/v2\/users\/2"}],"replies":[{"embeddable":true,"href":"https:\/\/www.n-news.de\/index.php?rest_route=%2Fwp%2Fv2%2Fcomments&post=106086"}],"version-history":[{"count":0,"href":"https:\/\/www.n-news.de\/index.php?rest_route=\/wp\/v2\/posts\/106086\/revisions"}],"wp:featuredmedia":[{"embeddable":true,"href":"https:\/\/www.n-news.de\/index.php?rest_route=\/wp\/v2\/media\/105292"}],"wp:attachment":[{"href":"https:\/\/www.n-news.de\/index.php?rest_route=%2Fwp%2Fv2%2Fmedia&parent=106086"}],"wp:term":[{"taxonomy":"category","embeddable":true,"href":"https:\/\/www.n-news.de\/index.php?rest_route=%2Fwp%2Fv2%2Fcategories&post=106086"},{"taxonomy":"post_tag","embeddable":true,"href":"https:\/\/www.n-news.de\/index.php?rest_route=%2Fwp%2Fv2%2Ftags&post=106086"}],"curies":[{"name":"wp","href":"https:\/\/api.w.org\/{rel}","templated":true}]}}