{"id":103467,"date":"2021-12-18T08:49:02","date_gmt":"2021-12-18T07:49:02","guid":{"rendered":"https:\/\/www.n-news.de\/\/?p=103467"},"modified":"2024-04-16T18:11:02","modified_gmt":"2024-04-16T16:11:02","slug":"das-friedrichsbau-variete-zu-gast-im-alten-schloss-la-nuit-de-paris","status":"publish","type":"post","link":"https:\/\/www.n-news.de\/?p=103467","title":{"rendered":"Das Friedrichsbau Variet\u00e9 zu Gast im Alten Schloss: &#8222;LA NUIT DE PARIS&#8220;"},"content":{"rendered":"<p>#friedrichsbau #friedrichsbauvariete #eviniessner<\/p>\n<p>LA NUIT DE PARIS<br \/>\nOpen-Air im Innenhof des Alten Schlosses Stuttgart<br \/>\nDo. 08.Juli 2021, 20 Uhr<\/p>\n<h3>Das Friedrichsbau Variet\u00e9 zu Gast im Alten Schloss: &#8222;LA NUIT DE PARIS&#8220;<\/h3>\n<p><div id=\"attachment_103469\" style=\"width: 396px\" class=\"wp-caption alignleft\"><img aria-describedby=\"caption-attachment-103469\" loading=\"lazy\" src=\"https:\/\/www.n-news.de\/wp-content\/uploads\/2021\/06\/05-PR-Foto-Piaf.jpg\" alt=\"\" width=\"386\" height=\"600\" class=\"size-full wp-image-103469\" srcset=\"https:\/\/www.n-news.de\/wp-content\/uploads\/2021\/06\/05-PR-Foto-Piaf.jpg 386w, https:\/\/www.n-news.de\/wp-content\/uploads\/2021\/06\/05-PR-Foto-Piaf-193x300.jpg 193w\" sizes=\"(max-width: 386px) 100vw, 386px\" \/><p id=\"caption-attachment-103469\" class=\"wp-caption-text\">Evi Niessner. Foto &copy; Katharina Dubno<\/p><\/div><br \/>\n<strong>Etwas ganz besonderes ist das Konzert LA NUIT DE PARIS, welches das Friedrichsbau Variet\u00e9 am 8. Juli als Open Air auf der B\u00fchne im Innenhof des alten Schlosses Stuttgart zeigen wird. <\/strong><\/p>\n<p>Mit diesem besonderen franz\u00f6sischen Konzertabend nimmt Evi Niessner das Publikum mit in das alte Paris bei Nacht und l\u00e4sst es in hellem Lichterglanz erstrahlen. Ihr gelingt das kleine Wunder, ganz mit der Ikone Piaf zu verschmelzen und gleichzeitig die unvergleichliche Miss Evi zu sein. Evi Niessner singt, und jeder Ton wird zu einem Kuss, einer Umarmung, einem Seufzer. <\/p>\n<p>Den Friedrichsbau Variet\u00e9 Besuchern ist Evi Niessner ein Begriff, sie ist regelm\u00e4\u00dfig dort zu Gast und sorgt immer f\u00fcr ein ausverkauftes Haus.<\/p>\n<p>F\u00fcr LA NUIT DE PARIS sind Karten ausschlie\u00dflich als print@home online unter <a href=\"http:\/\/www.friedrichsbau.de\" rel=\"noopener noreferrer\" target=\"_blank\">www.friedrichsbau.de<\/a> buchbar.<\/p>\n<p><strong>Wie geht es weiter im Friedrichsbau Variet\u00e9?<\/strong><br \/>\nBevor die neue Show &#8222;MAGIC MANIACS&#8220; am 17. September die neue Spielzeit im Friedrichsbau-Variet\u00e9 er\u00f6ffnet, finden noch einige Gastspiele statt, die die Wartezeit kurzweilig \u00fcberbr\u00fccken:<\/p>\n<p><strong>Musical Deluxe<\/strong><br \/>\nDie Gala der Musicalstars, So. 29.08., 20 Uhr<\/p>\n<p><strong>Quatsch mit 3 \u2013 Volume 3<\/strong><br \/>\nMo. 30.08., 20 Uhr<\/p>\n<p><strong>POPCORN<\/strong><br \/>\nDie Absolventenshow der Berliner Artistenschule, Di. 31.08., 20 Uhr<br \/>\nPOPCORN sind die diesj\u00e4hrigen Absolventen dieser staatlichen Schule am 31. August zu bewundern. Ihre Show ist poetisch und voller Charme \u2013 dabei auch explosiv und physisch. Ob Jonglage, Luftartistik oder Bodenakrobatik, das gesamte Spektrum der artistischen K\u00fcnste wird bei dieser Feier mit gro\u00dfer Spielfreude und echtem Spa\u00df dargeboten.<\/p>\n<p><strong>Dui do on de Sell<\/strong><br \/>\nDas Zauberwort hei\u00dft Bitte, Mi. 01.09., 20 Uhr<\/p>\n<p>Im Juli und August ist der Kartenverkauf telefonisch und pers\u00f6nlich noch zu den eingeschr\u00e4nkten Zeiten Mo &#8211; Do von 11 &#8211; 14 Uhr ge\u00f6ffnet.<br \/>\nDiese Veranstaltungen finden auch im Rahmen des Stuttgarter Theatersommers 21 der Solidargemeinschaft Stuttgarter Theater statt.<br \/>\nN\u00e4here Informationen und Tickets zu den Programmen erhalten Sie unter <a href=\"http:\/\/friedrichsbau.de\" rel=\"noopener noreferrer\" target=\"_blank\">friedrichsbau.de<\/a><\/p>\n<p><strong>Eine neue Perspektive f\u00fcr das Variet\u00e9<\/strong><br \/>\nObwohl die letzten Monate f\u00fcr das Friedrichsbau Variet\u00e9 alles andere als leicht war &#8211; als Privattheater lebt es zum gr\u00f6\u00dften Teil durch die Einnahmen der Kartenverk\u00e4ufe &#8211; lobt Direktor Timo Steinhauer die Politik: \u201eMit der Soforthilfe des Landes Baden-W\u00fcrttembergs wurde zun\u00e4chst schnell gehandelt. Im vergangenen Sommer waren die Hilfen der Bundesregierung dann aber zun\u00e4chst noch sehr z\u00f6gerlich. Hier w\u00e4re es ohne den Nothilfefonds der Stadt Stuttgart f\u00fcr uns sehr eng geworden. Aber der Gemeinderat und die Kulturverwaltung haben hier fantastisch reagiert! In dieser Zeit hat die Bundesregierung die Theater nicht im Stich gelassen. Das muss auch einfach mal gesagt werden.\u201c <\/p>\n<p>Nun hoffen er und das Variet\u00e9-Team, dass die G\u00e4ste schnell wieder in das Theater auf dem Pragsattel zur\u00fcckkehren. Deshalb setzt man bei der Programmplanung f\u00fcr die Wieder\u00f6ffnung auf das, was das Variet\u00e9 am besten kann: Vielseitig sein und bezaubern!<\/p>\n<p>Friedrichsbau Variet\u00e9 Theater gGmbH<br \/>\nSiemensstra\u00dfe 15 | 70469 Stuttgart | Tel: 0711\/225 70-70 Fax: 0711\/225 70-75 | tickets@friedrichsbau.de | <a href=\"http:\/\/www.friedrichsbau.de\" rel=\"noopener noreferrer\" target=\"_blank\">www.friedrichsbau.de<\/a><\/p>\n<div class=\"twoclick_social_bookmarks_post_103467 social_share_privacy clearfix 1.6.4 locale-de_DE sprite-de_DE\"><\/div><div class=\"twoclick-js\"><script type=\"text\/javascript\">\/* <![CDATA[ *\/\njQuery(document).ready(function($){if($('.twoclick_social_bookmarks_post_103467')){$('.twoclick_social_bookmarks_post_103467').socialSharePrivacy({\"services\":{\"facebook\":{\"status\":\"on\",\"txt_info\":\"\",\"perma_option\":\"off\",\"action\":\"like\",\"language\":\"de_DE\"},\"twitter\":{\"reply_to\":\"nnews_de\",\"tweet_text\":\"%20Das%20Friedrichsbau%20Variet%C3%A9%20zu%20Gast%20im%20Alten%20Schloss%3A%20%E2%80%9ELA%20NUIT%20...\",\"status\":\"on\",\"txt_info\":\"\",\"perma_option\":\"off\",\"language\":\"de\",\"referrer_track\":\"\"},\"gplus\":{\"status\":\"on\",\"txt_info\":\"\",\"perma_option\":\"off\",\"referrer_track\":\"\"},\"pinterest\":{\"status\":\"on\",\"the_excerpt\":\"Das Friedrichsbau Variet\\u00e9 zu Gast im Alten Schloss: &#8222;LA NUIT DE PARIS&#8220; &raquo; #friedrichsbau #friedrichsbauvariete #eviniessner\\r\\n\\r\\nLA NUIT DE PA ...\",\"txt_info\":\"\",\"perma_option\":\"off\",\"media\":\"https:\\\/\\\/www.n-news.de\\\/wp-content\\\/uploads\\\/2021\\\/06\\\/05-PR-Foto-Piaf.jpg\"},\"linkedin\":{\"status\":\"on\",\"txt_info\":\"2 Klicks f\\u00fcr mehr Datenschutz: Erst wenn Sie hier klicken, wird der Button aktiv und Sie k\\u00f6nnen Ihre Empfehlung an LinkedIn senden. Schon beim Aktivieren werden Daten an Dritte \\u00fcbertragen - siehe <em>i<\\\/em>.\",\"perma_option\":\"off\"}},\"txt_help\":\"\",\"settings_perma\":\"\",\"info_link\":\"\",\"uri\":\"https:\\\/\\\/www.n-news.de\\\/?p=103467\",\"post_id\":103467,\"post_title_referrer_track\":\"Das+Friedrichsbau+Variet%C3%A9+zu+Gast+im+Alten+Schloss%3A+%26%238222%3BLA+NUIT+DE+PARIS%26%238220%3B\",\"display_infobox\":\"on\"});}});\n\/* ]]> *\/<\/script><\/div>","protected":false},"excerpt":{"rendered":"<p>#friedrichsbau #friedrichsbauvariete #eviniessner LA NUIT DE PARIS Open-Air im Innenhof des Alten Schlosses Stuttgart Do. 08.Juli 2021, 20 Uhr Das Friedrichsbau Variet\u00e9 zu Gast im Alten Schloss: &#8222;LA NUIT DE PARIS&#8220; Etwas ganz besonderes ist das Konzert LA NUIT DE PARIS, welches das Friedrichsbau Variet\u00e9 am 8. Juli als Open Air auf der B\u00fchne im [&hellip;]<\/p>\n","protected":false},"author":2,"featured_media":103469,"comment_status":"closed","ping_status":"closed","sticky":false,"template":"","format":"standard","meta":[],"categories":[1,4],"tags":[45,350],"_links":{"self":[{"href":"https:\/\/www.n-news.de\/index.php?rest_route=\/wp\/v2\/posts\/103467"}],"collection":[{"href":"https:\/\/www.n-news.de\/index.php?rest_route=\/wp\/v2\/posts"}],"about":[{"href":"https:\/\/www.n-news.de\/index.php?rest_route=\/wp\/v2\/types\/post"}],"author":[{"embeddable":true,"href":"https:\/\/www.n-news.de\/index.php?rest_route=\/wp\/v2\/users\/2"}],"replies":[{"embeddable":true,"href":"https:\/\/www.n-news.de\/index.php?rest_route=%2Fwp%2Fv2%2Fcomments&post=103467"}],"version-history":[{"count":0,"href":"https:\/\/www.n-news.de\/index.php?rest_route=\/wp\/v2\/posts\/103467\/revisions"}],"wp:featuredmedia":[{"embeddable":true,"href":"https:\/\/www.n-news.de\/index.php?rest_route=\/wp\/v2\/media\/103469"}],"wp:attachment":[{"href":"https:\/\/www.n-news.de\/index.php?rest_route=%2Fwp%2Fv2%2Fmedia&parent=103467"}],"wp:term":[{"taxonomy":"category","embeddable":true,"href":"https:\/\/www.n-news.de\/index.php?rest_route=%2Fwp%2Fv2%2Fcategories&post=103467"},{"taxonomy":"post_tag","embeddable":true,"href":"https:\/\/www.n-news.de\/index.php?rest_route=%2Fwp%2Fv2%2Ftags&post=103467"}],"curies":[{"name":"wp","href":"https:\/\/api.w.org\/{rel}","templated":true}]}}