{"id":102740,"date":"2026-04-30T07:03:27","date_gmt":"2026-04-30T05:03:27","guid":{"rendered":"https:\/\/www.n-news.de\/\/?p=102740"},"modified":"2026-03-14T10:17:12","modified_gmt":"2026-03-14T09:17:12","slug":"dream-team-kartoffeln-und-spargel","status":"publish","type":"post","link":"https:\/\/www.n-news.de\/?p=102740","title":{"rendered":"Dream-Team: Kartoffeln und Spargel"},"content":{"rendered":"<p>#spargelzeit #spargelrezept <\/p>\n<p>Im April beginnt die Spargelzeit \u2013 darum passen Kartoffeln und Spargel gut zusammen \u2013 zwei Rezepte f\u00fcr Kartoffeln mit gr\u00fcnem und wei\u00dfem Spargel<\/p>\n<h3>Dream-Team: Kartoffeln und Spargel<\/h3>\n<p>W\u00e4hrend sich viele Obst- und Gem\u00fcsesorten bei uns mittlerweile ganzj\u00e4hrig genie\u00dfen lassen, stellt der Spargel noch immer eine Ausnahme dar. Umso mehr freuen sich Fans der wei\u00dfen und gr\u00fcnen Stangen daher auf den Beginn der heimischen Spargelsaison. Sie beginnt ab Mitte April und endet traditionell am 24. Juni. Genug Zeit also, um die k\u00f6stlichen Gew\u00e4chse in vielf\u00e4ltigen Variationen zu verspeisen \u2013 und das am besten mit Kartoffeln. Warum die tollen Knollen so gut zum Spargel passen und wie sich Kartoffeln mit Spargel ganz klassisch oder modern zubereiten lassen, erfahren Sie hier.<\/p>\n<p><strong>Leichte Kost mit viel Geschmack<\/strong><br \/>\nKartoffeln und Spargel geh\u00f6ren einfach zusammen und erg\u00e4nzen sich geschmacklich besonders gut. Auch mit ihren Inhaltsstoffen machen Kartoffeln und Spargel gleicherma\u00dfen eine gute Figur \u2013 und das im wahrsten Sinne des Wortes. Denn sowohl Spargel, als auch Kartoffeln eignen sich hervorragend f\u00fcr die leichte Fr\u00fchlingsk\u00fcche. Spargel besteht zu rund 93 Prozent aus Wasser und ist mit 18 Kilokalorien pro 100 Gramm ein besonders schlankes Lebensmittel. Durch die enthaltenen N\u00e4hrstoffe wie Kalium oder Fols\u00e4ure ist er zudem sehr gesund. Ganzj\u00e4hrig und aus regionalem Anbau im Gem\u00fcseregal zu finden ist die figurfreundliche Kartoffel: Sie besteht zu mehr als drei Vierteln aus Wasser, besitzt nur 0,1 Gramm Fett und enth\u00e4lt gekocht mit Schale auf 100 Gramm gerade einmal 70 Kilokalorien. Das besonders hochwertige pflanzliche Eiwei\u00df und die Kohlenhydrate in der Knolle sorgen zudem f\u00fcr eine langanhaltende S\u00e4ttigung.<\/p>\n<p><strong>Besonderer Genuss: Fr\u00fchkartoffeln mit Spargel<\/strong><br \/>\nBesonders gut mit Spargel kombinieren lassen sich Fr\u00fchkartoffeln, die in Deutschland ab Ende Mai von den Feldern kommen. Was die jungen Knollen so beliebt macht, erkl\u00e4rt Dieter Tepel, Gesch\u00e4ftsf\u00fchrer der Kartoffel-Marketing GmbH: \u201eFr\u00fchkartoffeln sind besonders zart und frisch im Geschmack. Sie werden bereits Ende Mai geerntet, anschlie\u00dfend unverz\u00fcglich an den Handel weitergeleitet und landen somit innerhalb weniger Tage vom Acker auf dem Teller.\u201c Die Fr\u00fchkartoffel sollte immer frisch verzehrt werden, da sie wegen ihrer d\u00fcnnen Schale maximal zwei Wochen gelagert werden kann. Gerade diese d\u00fcnne Schale macht sie bei Verbraucherinnen und Verbrauchern so beliebt. Denn die Fr\u00fchkartoffel kann mit Pelle gegessen werden. Es reicht, sie vorher leicht abzub\u00fcrsten.<\/p>\n<div id=\"attachment_102741\" style=\"width: 610px\" class=\"wp-caption alignleft\"><img aria-describedby=\"caption-attachment-102741\" loading=\"lazy\" src=\"https:\/\/www.n-news.de\/wp-content\/uploads\/2021\/04\/Kartoffel_mit_Sparge_ie-kartoffel-de.jpg\" alt=\"\" width=\"600\" height=\"338\" class=\"size-full wp-image-102741\" srcset=\"https:\/\/www.n-news.de\/wp-content\/uploads\/2021\/04\/Kartoffel_mit_Sparge_ie-kartoffel-de.jpg 600w, https:\/\/www.n-news.de\/wp-content\/uploads\/2021\/04\/Kartoffel_mit_Sparge_ie-kartoffel-de-300x169.jpg 300w\" sizes=\"(max-width: 600px) 100vw, 600px\" \/><p id=\"caption-attachment-102741\" class=\"wp-caption-text\">Ab April freuen sich viele wieder auf die beliebte Kombination Salzkartoffeln, Spargel und Sauce Hollandaise. Bildquelle: KMG\/die-kartoffel.de<\/p><\/div>\n<p><strong>Klassisch oder modern: Kartoffeln und Spargel lecker kombiniert<\/strong><br \/>\nImmer wieder beliebt und einfach lecker ist der Klassiker Salzkartoffeln mit wei\u00dfem Spargel, Sauce Hollandaise und Schinken. Dazu werden Kartoffeln und Spargel gesch\u00e4lt und separat in Salzwasser gekocht. Sind sie gar, kann das Duo mit Schinken und Sauce Hollandaise serviert werden. Diese l\u00e4sst sich einfach selber zubereiten: Auf einem warmen Wasserbad werden 50 ml Wei\u00dfwein und 3 Eigelb mit einem Schneebesen zu einer leicht dickfl\u00fcssigen Masse geschlagen und 150 g geschmolzene Butter nach und nach hinzugef\u00fcgt. Sobald die Zutaten eine cremige Sauce bilden, kann diese abschlie\u00dfend mit Salz, Pfeffer und Zitronensaft abgeschmeckt werden.<\/p>\n<p>Fr\u00fchlingsfrisch schmeckt auch ein warmer Kartoffelsalat mit gr\u00fcnem Spargel. Dazu werden Fr\u00fchkartoffeln oder Drillinge geputzt und halbiert sowie mit Salz und Pfeffer bestreut auf ein Backblech gelegt. Im vorgeheizten Ofen sollten sie anschlie\u00dfend rund 20 Minuten backen. W\u00e4hrenddessen kann der gr\u00fcne Spargel gewaschen und, falls erforderlich, das untere Drittel der Stangen entfernt werden. Sind die 20 Minuten vorbei, ist es an der Zeit, den Spargel gemeinsam mit Senfk\u00f6rnern zu den Kartoffeln auf das Backblech zu geben. Alles sollte nun weitere 5 bis 10 Minuten garen. Abschlie\u00dfend die Kartoffeln und den Spargel aus dem Ofen in eine Sch\u00fcssel geben und mit einem Dressing aus Zitronensaft, Zitronenabrieb, s\u00fc\u00dfem Senf, Dijon-Senf, Oliven\u00f6l und Sahne \u00fcbergie\u00dfen. Wer mag, kann den Salat noch mit gekochten Erbsen und Babyspinat garnieren und mit geschnittenen Fr\u00fchlingszwiebeln bestreuen.<\/p>\n<p>Ein Rezept f\u00fcr Kartoffeln, Spargel und Sauce Hollandaise gibt es hier: <a href=\"https:\/\/www.die-kartoffel.de\/suche\/rezepte\/kartoffeln-spargel-hollandaise\" rel=\"noopener noreferrer\" target=\"_blank\">https:\/\/www.die-kartoffel.de\/suche\/rezepte\/kartoffeln-spargel-hollandaise<\/a><\/p>\n<p>Wer den warmen Kartoffelsalat mit gr\u00fcnem Spargel ausprobieren m\u00f6chte, findet das genaue Rezept hier: <a href=\"https:\/\/www.die-kartoffel.de\/suche\/rezepte\/warmer-kartoffelsalat-mit-erbsen-und-gruenem-spargel\" rel=\"noopener noreferrer\" target=\"_blank\">https:\/\/www.die-kartoffel.de\/suche\/rezepte\/warmer-kartoffelsalat-mit-erbsen-und-gruenem-spargel<\/a><\/p>\n<p>Weitere Informationen, tolle Rezepte und Tipps rund um die Kartoffel unter <a href=\"http:\/\/www.die-kartoffel.de\" rel=\"noopener noreferrer\" target=\"_blank\">www.die-kartoffel.de<\/a><\/p>\n<div class=\"twoclick_social_bookmarks_post_102740 social_share_privacy clearfix 1.6.4 locale-de_DE sprite-de_DE\"><\/div><div class=\"twoclick-js\"><script type=\"text\/javascript\">\/* <![CDATA[ *\/\njQuery(document).ready(function($){if($('.twoclick_social_bookmarks_post_102740')){$('.twoclick_social_bookmarks_post_102740').socialSharePrivacy({\"services\":{\"facebook\":{\"status\":\"on\",\"txt_info\":\"\",\"perma_option\":\"off\",\"action\":\"like\",\"language\":\"de_DE\"},\"twitter\":{\"reply_to\":\"nnews_de\",\"tweet_text\":\"Dream-Team%3A%20Kartoffeln%20und%20Spargel%20%C2%BB%20N-News.de\",\"status\":\"on\",\"txt_info\":\"\",\"perma_option\":\"off\",\"language\":\"de\",\"referrer_track\":\"\"},\"gplus\":{\"status\":\"on\",\"txt_info\":\"\",\"perma_option\":\"off\",\"referrer_track\":\"\"},\"pinterest\":{\"status\":\"on\",\"the_excerpt\":\"Dream-Team: Kartoffeln und Spargel &raquo; #spargelzeit #spargelrezept \\r\\n\\r\\nIm April beginnt die Spargelzeit \\u2013 ...\",\"txt_info\":\"\",\"perma_option\":\"off\",\"media\":\"https:\\\/\\\/www.n-news.de\\\/wp-content\\\/uploads\\\/2021\\\/04\\\/Kartoffel_mit_Sparge_ie-kartoffel-de.jpg\"},\"linkedin\":{\"status\":\"on\",\"txt_info\":\"2 Klicks f\\u00fcr mehr Datenschutz: Erst wenn Sie hier klicken, wird der Button aktiv und Sie k\\u00f6nnen Ihre Empfehlung an LinkedIn senden. Schon beim Aktivieren werden Daten an Dritte \\u00fcbertragen - siehe <em>i<\\\/em>.\",\"perma_option\":\"off\"}},\"txt_help\":\"\",\"settings_perma\":\"\",\"info_link\":\"\",\"uri\":\"https:\\\/\\\/www.n-news.de\\\/?p=102740\",\"post_id\":102740,\"post_title_referrer_track\":\"Dream-Team%3A+Kartoffeln+und+Spargel\",\"display_infobox\":\"on\"});}});\n\/* ]]> *\/<\/script><\/div>","protected":false},"excerpt":{"rendered":"<p>#spargelzeit #spargelrezept Im April beginnt die Spargelzeit \u2013 darum passen Kartoffeln und Spargel gut zusammen \u2013 zwei Rezepte f\u00fcr Kartoffeln mit gr\u00fcnem und wei\u00dfem Spargel Dream-Team: Kartoffeln und Spargel W\u00e4hrend sich viele Obst- und Gem\u00fcsesorten bei uns mittlerweile ganzj\u00e4hrig genie\u00dfen lassen, stellt der Spargel noch immer eine Ausnahme dar. Umso mehr freuen sich Fans der [&hellip;]<\/p>\n","protected":false},"author":2,"featured_media":102741,"comment_status":"closed","ping_status":"closed","sticky":false,"template":"","format":"standard","meta":[],"categories":[1],"tags":[163],"_links":{"self":[{"href":"https:\/\/www.n-news.de\/index.php?rest_route=\/wp\/v2\/posts\/102740"}],"collection":[{"href":"https:\/\/www.n-news.de\/index.php?rest_route=\/wp\/v2\/posts"}],"about":[{"href":"https:\/\/www.n-news.de\/index.php?rest_route=\/wp\/v2\/types\/post"}],"author":[{"embeddable":true,"href":"https:\/\/www.n-news.de\/index.php?rest_route=\/wp\/v2\/users\/2"}],"replies":[{"embeddable":true,"href":"https:\/\/www.n-news.de\/index.php?rest_route=%2Fwp%2Fv2%2Fcomments&post=102740"}],"version-history":[{"count":1,"href":"https:\/\/www.n-news.de\/index.php?rest_route=\/wp\/v2\/posts\/102740\/revisions"}],"predecessor-version":[{"id":125133,"href":"https:\/\/www.n-news.de\/index.php?rest_route=\/wp\/v2\/posts\/102740\/revisions\/125133"}],"wp:featuredmedia":[{"embeddable":true,"href":"https:\/\/www.n-news.de\/index.php?rest_route=\/wp\/v2\/media\/102741"}],"wp:attachment":[{"href":"https:\/\/www.n-news.de\/index.php?rest_route=%2Fwp%2Fv2%2Fmedia&parent=102740"}],"wp:term":[{"taxonomy":"category","embeddable":true,"href":"https:\/\/www.n-news.de\/index.php?rest_route=%2Fwp%2Fv2%2Fcategories&post=102740"},{"taxonomy":"post_tag","embeddable":true,"href":"https:\/\/www.n-news.de\/index.php?rest_route=%2Fwp%2Fv2%2Ftags&post=102740"}],"curies":[{"name":"wp","href":"https:\/\/api.w.org\/{rel}","templated":true}]}}