{"id":102077,"date":"2026-03-14T07:40:42","date_gmt":"2026-03-14T06:40:42","guid":{"rendered":"https:\/\/www.n-news.de\/\/?p=102077"},"modified":"2026-02-15T18:17:15","modified_gmt":"2026-02-15T17:17:15","slug":"fruehlingswanderungen-in-der-schweiz-fuer-alle-fuenf-sinne","status":"publish","type":"post","link":"https:\/\/www.n-news.de\/?p=102077","title":{"rendered":"Fr\u00fchlingswanderungen in der Schweiz f\u00fcr alle f\u00fcnf Sinne"},"content":{"rendered":"<p>#schweiz #wandern<\/p>\n<h3>Fr\u00fchlingswanderungen in der Schweiz f\u00fcr alle f\u00fcnf Sinne<\/h3>\n<p><strong>Nach dem langen Winter wacht die Natur in den n\u00e4chsten Wochen langsam wieder auf und wartet darauf, neu entdeckt zu werden. Deshalb: Nichts wie rein in die Wanderschuhe und raus an die frische Luft! Herrliche Fr\u00fchlingswanderungen warten in der ganzen Schweiz auf erkundungsfreudige G\u00e4ste.<\/strong><\/p>\n<p><strong>Die zarten D\u00fcfte von Mimosen \u2013 von Brissago bis Ascona, Tessin<\/strong><br \/>\nLieblich duftende Mimosenstr\u00e4ucher, gepflegte Palmeng\u00e4rten und unvergessliche Ausblicke auf den tiefblauen Lago Maggiore sind die H\u00f6hepunkte der Wanderung von Brissago nach Ascona. Die zehn Kilometer lange Tour ist eine typische Fr\u00fchlingswanderung: Die Temperaturen sind angenehm mild, und es sprie\u00dft das erste zarte Gr\u00fcn. Ideale Voraussetzungen f\u00fcr einen herrlichen Tag in der Sonnenstube der Schweiz. Die gut dreist\u00fcndige Wanderung f\u00fchrt in erh\u00f6hter Lage vorbei am malerischen Ronco sopra Ascona, \u00fcber den Monte Verit\u00e0 und schlie\u00dflich auf die ber\u00fchmte Piazza von Ascona. <a href=\"http:\/\/www.myswitzerland.com\/de-ch\/erlebnisse\/route\/duftende-mimosen-am-lago-maggiore\/\" rel=\"noopener noreferrer\" target=\"_blank\">www.myswitzerland.com\/de-ch\/erlebnisse\/route\/duftende-mimosen-am-lago-maggiore\/<\/a>, <a href=\"http:\/\/www.ascona-locarno.com\/de\/itineraries\/details\/Brissago-Ronco-s-Ascona-Ascona\/138339#\" rel=\"noopener noreferrer\" target=\"_blank\">www.ascona-locarno.com\/de\/itineraries\/details\/Brissago-Ronco-s-Ascona-Ascona\/138339#<\/a><\/p>\n<p><strong>Wei\u00dfe Bl\u00fctenpracht \u2013 Fricktaler \u201eChriesiw\u00e4g\u201c, Region Aargau<\/strong><br \/>\nKirschen hei\u00dfen im Aargauer Dialekt \u201eChriesi\u201c. Der Chriesiw\u00e4g in Gipf-Oberfrick f\u00fchrt durch die kirschbaumreiche Landschaft des Fricktals und vermittelt Wissenswertes zum Kirschenanbau. Der f\u00fcnf Kilometer lange Rundweg f\u00fchrt durch Niederstammplantagen, aber auch durch traditionelle, naturnah bewirtschaftete Hochstammbest\u00e4nde, die zahlreichen Tieren einen Lebensraum bieten. Typische Bewohner sind beispielsweise der seltene Gartenrotschwanz und die Zauneidechse. Gerade im Fr\u00fchling sind die \u201ewei\u00dfen B\u00e4ume\u201c ein beliebtes Fotomotiv. Die rund eineinhalb Stunden lange Wanderung ist auch bei geringer Kondition gut erlebbar. <a href=\"http:\/\/www.myswitzerland.com\/de-ch\/erlebnisse\/route\/fricktaler-chriesiwaeg\/\" rel=\"noopener noreferrer\" target=\"_blank\">www.myswitzerland.com\/de-ch\/erlebnisse\/route\/fricktaler-chriesiwaeg\/<\/a>, <a href=\"https:\/\/jurapark.hoch3.ch\/themenwege.html?offer=135\" rel=\"noopener noreferrer\" target=\"_blank\">https:\/\/jurapark.hoch3.ch\/themenwege.html?offer=135<\/a><\/p>\n<p><strong>Dem Wasserfluss zuh\u00f6ren \u2013 von Schaffhausen bis Rheinau, Region Z\u00fcrich<\/strong><br \/>\nWenn der Schnee schmilzt, beschleunigt sich die Str\u00f6mung des Rheins und erzeugt ein besonderes Ger\u00e4usch. Durchschnittlich 700.000 Liter Wasser st\u00fcrzen auf einer Breite von 150 Metern jede Sekunde 23 Meter in die Tiefe. Damit geh\u00f6rt der Rheinfall zu den gr\u00f6\u00dften Wasserf\u00e4llen Europas. Direkt am spektakul\u00e4ren Wasserfall vorbei f\u00fchrt die Weitwanderung \u201eVia Rhenana\u201c von Kreuzlingen nach Basel. Die vierte Etappe entlang des Wasserfalls startet in Schaffhausen und f\u00fchrt auf 14 gem\u00fctlichen Kilometern in knapp vier Stunden bis nach Rheinau. <a href=\"http:\/\/www.myswitzerland.com\/de-ch\/erlebnisse\/route\/viarhenana-4\/\" rel=\"noopener noreferrer\" target=\"_blank\">www.myswitzerland.com\/de-ch\/erlebnisse\/route\/viarhenana-4\/<\/a><\/p>\n<div id=\"attachment_102078\" style=\"width: 610px\" class=\"wp-caption alignleft\"><img aria-describedby=\"caption-attachment-102078\" loading=\"lazy\" src=\"https:\/\/www.n-news.de\/wp-content\/uploads\/2021\/03\/Rheinfall-Schaffhausen\u00a9Schweiz-Tourismus_Christof-Sonderegger.jpg\" alt=\"\" width=\"600\" height=\"477\" class=\"size-full wp-image-102078\" srcset=\"https:\/\/www.n-news.de\/wp-content\/uploads\/2021\/03\/Rheinfall-Schaffhausen\u00a9Schweiz-Tourismus_Christof-Sonderegger.jpg 600w, https:\/\/www.n-news.de\/wp-content\/uploads\/2021\/03\/Rheinfall-Schaffhausen\u00a9Schweiz-Tourismus_Christof-Sonderegger-300x239.jpg 300w\" sizes=\"(max-width: 600px) 100vw, 600px\" \/><p id=\"caption-attachment-102078\" class=\"wp-caption-text\">Rheinfall Schaffhausen. Foto \u00a9 Schweiz Tourismus \/ Christof Sonderegger<\/p><\/div>\n<p><strong>Die Felsw\u00e4nde abstreifen \u2013 Klettersteig Belv\u00e9d\u00e8re von Nax, Wallis<\/strong><br \/>\nKlettersteige, auch \u201eVia Ferrata\u201c (ital. Eisenweg) genannt, sind eine Art Zwischenstufe zwischen dem normalen Bergwandern und dem Freiklettern. Bekannt als einer der einfachsten Klettersteige im Wallis \u00fcberzeugt die Via Ferrata Belv\u00e9d\u00e8re von Nax\/Mont-Noble mit einer atemberaubenden Aussicht auf das Rhonetal. Der Start befindet sich auf 1000 Metern H\u00f6he im Wald unterhalb von Nax und f\u00fchrt \u00fcber 220 H\u00f6henmeter und rund 90 Minuten Begehungszeit direkt ins Dorf Nax. Ein Fu\u00dfweg f\u00fchrt die Abenteurer vom Ende des Klettersteigs wieder an den Start zur\u00fcck. Dieser mittelschwere Klettersteig ist mit der n\u00f6tigen Ausr\u00fcstung ab April zug\u00e4nglich. <a href=\"http:\/\/www.myswitzerland.com\/de-ch\/erlebnisse\/klettersteig-belvedere\/\" rel=\"noopener noreferrer\" target=\"_blank\">www.myswitzerland.com\/de-ch\/erlebnisse\/klettersteig-belvedere\/<\/a>, <a href=\"http:\/\/www.valais.ch\/de\/touren\/sommersport\/klettersteige\/klettersteig-belvedere\" rel=\"noopener noreferrer\" target=\"_blank\">www.valais.ch\/de\/touren\/sommersport\/klettersteige\/klettersteig-belvedere<\/a><\/p>\n<p><strong>Auf den Spuren des Greyerzer \u2013 Pfad der K\u00e4sereien, Fribourg Region<\/strong><br \/>\nDer sechseinhalb Kilometer lange Rundweg verbindet die Schauk\u00e4serei \u201eLa Maison du Gruy\u00e8re\u201c in Pringy und die Alp-K\u00e4serei von Mol\u00e9son-sur-Gruy\u00e8res. Diese knapp zweist\u00fcndige Wanderung l\u00e4sst die Besucher die verschiedenen Facetten der Alpk\u00e4serei des Greyerzer Gebietes hautnah erleben. Der H\u00f6henunterschied wird die Wanderer \u00fcberraschen, denn der Aufstieg zum Ferienort \u00fcber die Alpweiden ist an mehreren Stellen steiler als gedacht. \u00dcbersichtliche Infotafeln entlang der Route geben Einblicke in die Geheimnisse der K\u00e4seherstellung. In einer typischen Alph\u00fctte aus dem Jahre 1686 bei Mol\u00e9son-Village wird t\u00e4glich zweimal auf dem Holzfeuer w\u00fcrziger K\u00e4se nach alter Greyerzer Tradition hergestellt. <a href=\"http:\/\/www.myswitzerland.com\/de-ch\/erlebnisse\/route\/dem-geheimnis-des-le-gruyere-aop-auf-der-spur\/\" rel=\"noopener noreferrer\" target=\"_blank\">www.myswitzerland.com\/de-ch\/erlebnisse\/route\/dem-geheimnis-des-le-gruyere-aop-auf-der-spur\/<\/a>, <a href=\"http:\/\/www.la-gruyere.ch\/de\/Z12254\/pfad-kaesereien\" rel=\"noopener noreferrer\" target=\"_blank\">www.la-gruyere.ch\/de\/Z12254\/pfad-kaesereien<\/a><\/p>\n<p>Mehr Infos \u00fcber die Schweiz: <a href=\"http:\/\/www.MySwitzerland.com\" rel=\"noopener noreferrer\" target=\"_blank\">www.MySwitzerland.com<\/a><\/p>\n<div class=\"twoclick_social_bookmarks_post_102077 social_share_privacy clearfix 1.6.4 locale-de_DE sprite-de_DE\"><\/div><div class=\"twoclick-js\"><script type=\"text\/javascript\">\/* <![CDATA[ *\/\njQuery(document).ready(function($){if($('.twoclick_social_bookmarks_post_102077')){$('.twoclick_social_bookmarks_post_102077').socialSharePrivacy({\"services\":{\"facebook\":{\"status\":\"on\",\"txt_info\":\"\",\"perma_option\":\"off\",\"action\":\"like\",\"language\":\"de_DE\"},\"twitter\":{\"reply_to\":\"nnews_de\",\"tweet_text\":\"%20Fr%C3%BChlingswanderungen%20in%20der%20Schweiz%20f%C3%BCr%20alle%20f%C3%BCnf%20Sinne%20%C2%BB%20...\",\"status\":\"on\",\"txt_info\":\"\",\"perma_option\":\"off\",\"language\":\"de\",\"referrer_track\":\"\"},\"gplus\":{\"status\":\"on\",\"txt_info\":\"\",\"perma_option\":\"off\",\"referrer_track\":\"\"},\"pinterest\":{\"status\":\"on\",\"the_excerpt\":\"Fr\\u00fchlingswanderungen in der Schweiz f\\u00fcr alle f\\u00fcnf Sinne &raquo; #schweiz #wandern\\r\\n\\r\\nFr\\u00fchlingswanderungen in der Schweiz f\\u00fcr alle  ...\",\"txt_info\":\"\",\"perma_option\":\"off\",\"media\":\"https:\\\/\\\/www.n-news.de\\\/wp-content\\\/uploads\\\/2021\\\/03\\\/Rheinfall-Schaffhausen\\u00a9Schweiz-Tourismus_Christof-Sonderegger.jpg\"},\"linkedin\":{\"status\":\"on\",\"txt_info\":\"2 Klicks f\\u00fcr mehr Datenschutz: Erst wenn Sie hier klicken, wird der Button aktiv und Sie k\\u00f6nnen Ihre Empfehlung an LinkedIn senden. Schon beim Aktivieren werden Daten an Dritte \\u00fcbertragen - siehe <em>i<\\\/em>.\",\"perma_option\":\"off\"}},\"txt_help\":\"\",\"settings_perma\":\"\",\"info_link\":\"\",\"uri\":\"https:\\\/\\\/www.n-news.de\\\/?p=102077\",\"post_id\":102077,\"post_title_referrer_track\":\"Fr%C3%BChlingswanderungen+in+der+Schweiz+f%C3%BCr+alle+f%C3%BCnf+Sinne\",\"display_infobox\":\"on\"});}});\n\/* ]]> *\/<\/script><\/div>","protected":false},"excerpt":{"rendered":"<p>#schweiz #wandern Fr\u00fchlingswanderungen in der Schweiz f\u00fcr alle f\u00fcnf Sinne Nach dem langen Winter wacht die Natur in den n\u00e4chsten Wochen langsam wieder auf und wartet darauf, neu entdeckt zu werden. Deshalb: Nichts wie rein in die Wanderschuhe und raus an die frische Luft! Herrliche Fr\u00fchlingswanderungen warten in der ganzen Schweiz auf erkundungsfreudige G\u00e4ste. Die [&hellip;]<\/p>\n","protected":false},"author":2,"featured_media":102078,"comment_status":"closed","ping_status":"closed","sticky":false,"template":"","format":"standard","meta":[],"categories":[1,67],"tags":[52,16,192,150,173],"_links":{"self":[{"href":"https:\/\/www.n-news.de\/index.php?rest_route=\/wp\/v2\/posts\/102077"}],"collection":[{"href":"https:\/\/www.n-news.de\/index.php?rest_route=\/wp\/v2\/posts"}],"about":[{"href":"https:\/\/www.n-news.de\/index.php?rest_route=\/wp\/v2\/types\/post"}],"author":[{"embeddable":true,"href":"https:\/\/www.n-news.de\/index.php?rest_route=\/wp\/v2\/users\/2"}],"replies":[{"embeddable":true,"href":"https:\/\/www.n-news.de\/index.php?rest_route=%2Fwp%2Fv2%2Fcomments&post=102077"}],"version-history":[{"count":1,"href":"https:\/\/www.n-news.de\/index.php?rest_route=\/wp\/v2\/posts\/102077\/revisions"}],"predecessor-version":[{"id":124921,"href":"https:\/\/www.n-news.de\/index.php?rest_route=\/wp\/v2\/posts\/102077\/revisions\/124921"}],"wp:featuredmedia":[{"embeddable":true,"href":"https:\/\/www.n-news.de\/index.php?rest_route=\/wp\/v2\/media\/102078"}],"wp:attachment":[{"href":"https:\/\/www.n-news.de\/index.php?rest_route=%2Fwp%2Fv2%2Fmedia&parent=102077"}],"wp:term":[{"taxonomy":"category","embeddable":true,"href":"https:\/\/www.n-news.de\/index.php?rest_route=%2Fwp%2Fv2%2Fcategories&post=102077"},{"taxonomy":"post_tag","embeddable":true,"href":"https:\/\/www.n-news.de\/index.php?rest_route=%2Fwp%2Fv2%2Ftags&post=102077"}],"curies":[{"name":"wp","href":"https:\/\/api.w.org\/{rel}","templated":true}]}}